{"id":1029,"date":"2015-09-13T19:00:08","date_gmt":"2015-09-13T17:00:08","guid":{"rendered":"http:\/\/jf-landkreis-vulkaneifel.de\/?p=1029"},"modified":"2015-09-13T19:53:08","modified_gmt":"2015-09-13T17:53:08","slug":"spendenaktion-die-jf-berlingen-sagt-danke","status":"publish","type":"post","link":"https:\/\/jf-landkreis-vulkaneifel.de\/?p=1029","title":{"rendered":"Spendenaktion &#8211; Die JF Berlingen sagt DANKE!"},"content":{"rendered":"<div id=\"attachment_1031\" style=\"width: 560px\" class=\"wp-caption alignnone\"><a href=\"https:\/\/jf-landkreis-vulkaneifel.de\/wp-content\/uploads\/2015\/09\/Gruppe_Spende1.jpg\"><img loading=\"lazy\" decoding=\"async\" aria-describedby=\"caption-attachment-1031\" class=\"size-thumbnail wp-image-1031\" src=\"https:\/\/jf-landkreis-vulkaneifel.de\/wp-content\/uploads\/2015\/09\/Gruppe_Spende1-550x367.jpg\" alt=\"JF Berlingen mit dem Spendenscheck\" width=\"550\" height=\"367\" srcset=\"https:\/\/jf-landkreis-vulkaneifel.de\/wp-content\/uploads\/2015\/09\/Gruppe_Spende1-550x367.jpg 550w, https:\/\/jf-landkreis-vulkaneifel.de\/wp-content\/uploads\/2015\/09\/Gruppe_Spende1.jpg 1024w, https:\/\/jf-landkreis-vulkaneifel.de\/wp-content\/uploads\/2015\/09\/Gruppe_Spende1-624x416.jpg 624w\" sizes=\"auto, (max-width: 550px) 100vw, 550px\" \/><\/a><p id=\"caption-attachment-1031\" class=\"wp-caption-text\">JF Berlingen mit dem Spendenscheck<\/p><\/div>\n<p>Die Jugendfeuerwehr Berlingen feierte in diesem Jahr Ihr 30-j\u00e4hriges Bestehen und richtete den Wandertag der Jugendfeuerwehren im Landkreis Vulkaneifel aus.<br \/>\nDieser Wandertag wurde im Gedenken an den im letzten Jahr verstorbenen Jugendfeuerwehrwart Andreas Bowe gestaltet.<br \/>\nDank der tatkr\u00e4ftigen Unterst\u00fctzung durch die Freiwillige Feuerwehr, die Gemeinde Berlingen und alle Eltern wurde es zu einem sch\u00f6nen Tag mit einem gro\u00dfartigen Ergebnis.<br \/>\nDer Gesamte Erl\u00f6s des Wandertages, in H\u00f6he von 1.240,84 \u20ac, wurde an die Hirntumorforschung des Heidelberger Universit\u00e4tsklinikum gespendet.<br \/>\nDie Jugendfeuerwehr Berlingen bedankt sich bei allen, die diese Veranstaltung durch Spenden und Ihre tatkr\u00e4ftige Hilfe unterst\u00fctzt haben sowie beim Kreisjugendfeuerwehrverband Vulkaneifel, der diese Aktion erm\u00f6glicht hat.<\/p>\n<p>Vielen Dank!<\/p>\n","protected":false},"excerpt":{"rendered":"<p>Die Jugendfeuerwehr Berlingen feierte in diesem Jahr Ihr 30-j\u00e4hriges Bestehen und richtete den Wandertag der Jugendfeuerwehren im Landkreis Vulkaneifel aus. Dieser Wandertag wurde im Gedenken an den im letzten Jahr verstorbenen Jugendfeuerwehrwart Andreas Bowe gestaltet. Dank der tatkr\u00e4ftigen Unterst\u00fctzung durch die Freiwillige Feuerwehr, die Gemeinde Berlingen und alle Eltern wurde es zu einem sch\u00f6nen Tag [&hellip;]<\/p>\n","protected":false},"author":5,"featured_media":0,"comment_status":"closed","ping_status":"open","sticky":false,"template":"","format":"standard","meta":{"footnotes":""},"categories":[2],"tags":[],"class_list":["post-1029","post","type-post","status-publish","format-standard","hentry","category-aktuelles"],"_links":{"self":[{"href":"https:\/\/jf-landkreis-vulkaneifel.de\/index.php?rest_route=\/wp\/v2\/posts\/1029","targetHints":{"allow":["GET"]}}],"collection":[{"href":"https:\/\/jf-landkreis-vulkaneifel.de\/index.php?rest_route=\/wp\/v2\/posts"}],"about":[{"href":"https:\/\/jf-landkreis-vulkaneifel.de\/index.php?rest_route=\/wp\/v2\/types\/post"}],"author":[{"embeddable":true,"href":"https:\/\/jf-landkreis-vulkaneifel.de\/index.php?rest_route=\/wp\/v2\/users\/5"}],"replies":[{"embeddable":true,"href":"https:\/\/jf-landkreis-vulkaneifel.de\/index.php?rest_route=%2Fwp%2Fv2%2Fcomments&post=1029"}],"version-history":[{"count":3,"href":"https:\/\/jf-landkreis-vulkaneifel.de\/index.php?rest_route=\/wp\/v2\/posts\/1029\/revisions"}],"predecessor-version":[{"id":1034,"href":"https:\/\/jf-landkreis-vulkaneifel.de\/index.php?rest_route=\/wp\/v2\/posts\/1029\/revisions\/1034"}],"wp:attachment":[{"href":"https:\/\/jf-landkreis-vulkaneifel.de\/index.php?rest_route=%2Fwp%2Fv2%2Fmedia&parent=1029"}],"wp:term":[{"taxonomy":"category","embeddable":true,"href":"https:\/\/jf-landkreis-vulkaneifel.de\/index.php?rest_route=%2Fwp%2Fv2%2Fcategories&post=1029"},{"taxonomy":"post_tag","embeddable":true,"href":"https:\/\/jf-landkreis-vulkaneifel.de\/index.php?rest_route=%2Fwp%2Fv2%2Ftags&post=1029"}],"curies":[{"name":"wp","href":"https:\/\/api.w.org\/{rel}","templated":true}]}}