{"id":1037,"date":"2015-09-21T22:19:53","date_gmt":"2015-09-21T20:19:53","guid":{"rendered":"http:\/\/jf-landkreis-vulkaneifel.de\/?p=1037"},"modified":"2015-09-21T22:22:03","modified_gmt":"2015-09-21T20:22:03","slug":"jugendfeuerwehren-aus-der-vulkaneifel-in-der-region-ganz-vorne-mit-dabei","status":"publish","type":"post","link":"https:\/\/jf-landkreis-vulkaneifel.de\/?p=1037","title":{"rendered":"Jugendfeuerwehren aus der Vulkaneifel in der Region ganz vorne mit dabei!"},"content":{"rendered":"<p><strong>Bezirksentscheid der Jugendfeuerwehren Region Trier<\/strong><\/p>\n<div id=\"attachment_1046\" style=\"width: 560px\" class=\"wp-caption alignnone\"><a href=\"https:\/\/jf-landkreis-vulkaneifel.de\/?page_id=1071\"><img loading=\"lazy\" decoding=\"async\" aria-describedby=\"caption-attachment-1046\" class=\"wp-image-1046 size-thumbnail\" src=\"https:\/\/jf-landkreis-vulkaneifel.de\/wp-content\/uploads\/2015\/09\/BezEnt_Reg_Trier_2015_Retterath_07-550x367.jpg\" alt=\"3-Mann-Wassertransporter \u00fcber Hinderniss\" width=\"550\" height=\"367\" srcset=\"https:\/\/jf-landkreis-vulkaneifel.de\/wp-content\/uploads\/2015\/09\/BezEnt_Reg_Trier_2015_Retterath_07-550x367.jpg 550w, https:\/\/jf-landkreis-vulkaneifel.de\/wp-content\/uploads\/2015\/09\/BezEnt_Reg_Trier_2015_Retterath_07.jpg 1024w, https:\/\/jf-landkreis-vulkaneifel.de\/wp-content\/uploads\/2015\/09\/BezEnt_Reg_Trier_2015_Retterath_07-624x416.jpg 624w\" sizes=\"auto, (max-width: 550px) 100vw, 550px\" \/><\/a><p id=\"caption-attachment-1046\" class=\"wp-caption-text\">3-Mann-Wassertransporter \u00fcber Hinderniss<\/p><\/div>\n<p>hier geht&#8217;s zur <a href=\"https:\/\/jf-landkreis-vulkaneifel.de\/?page_id=1071\">Bildergalerie<\/a><\/p>\n<p><strong>Retterath 20. September 2015 |<\/strong> Die Jugendfeuerwehren aus der Region Trier trafen sich in diesem Jahr zum Spiel ohne Grenzen im Landkreis Vulkaneifel. Wir waren zu Gast bei der Jugendfeuerwehr Retterath, welche ihr 15-j\u00e4hriges Bestehen feierte. Beim diesj\u00e4hrigem Wettkampf wurde der Landkreis Bernkastel-Wittlich von den Jugendfeuerwehren aus Wittlich und Wintrich vertreten. F\u00fcr den Landkreis Trier-Saarburg traten die Jugendfeuerwehren Konz und Pluwig an. Die Jugendfeurwehren aus Pfalzel\/Ehrang und Ruwer gingen f\u00fcr die Stadt Trier an den Start und der Landkreis Vulkaneifel schickte die Jugendfeuerwehren Retterath, J\u00fcnkerath\/Stadtkyll, M\u00fcrlenbach\/P\u00fctzbachtal sowie den Titelverteidiger aus Hillesheim ins Rennen.<\/p>\n<p>Bei tollen Spielen und kniffligen Aufgaben zeigten die Jugendlichen ihr ganzes K\u00f6nnen. Die Zuschauer und Fans konnten das herrliche Wetter genie\u00dfen und bei Kaffee und Kuchen Ihre Mannschaften anfeuern. Die verschiedenen Disziplinen wie das Schlauchflechten, das Kl\u00f6tze stapeln, das Schneckenrennen oder der Hindernissparcour mit der Spezialschubkarre verlangte den Jugendlichen so einiges ab. Nach der Auswertung der insgesamt 10 Spielbahnen standen die Sieger fest. Die Jugendfeuerwehr Hillesheim konnte den Titel verteidigen und belegte den 1. Platz. Zweiter wurde die Jugendfeuerwehr Retterath und Platz 3 belegte die Jugendfeuerwehr aus M\u00fcrlenbach\/P\u00fctzbachtal.<\/p>\n<p>Ein besonderer Dank geht an die Sparkasse Vulkaneifel. Am Sonntag konnten wir unsere Wertungsrichter mit neuen Westen ausstatten, welche von der Sparkasse Vulkaneifel gespendet wurden. Diese Westen werden zuk\u00fcnftig vom Kreisfeuerwehrverband und unseren Jugendfeuerwehren im Landkreis bei Spielen und Wettk\u00e4mpfen eingesetzt.<\/p>\n<p>Wir bedanken uns bei den Jugendfeuerwehren aus den Nachbarlandkreisen, den Wertungsrichtern f\u00fcr Ihre Unterst\u00fctzung und der Jugendfeuerwehr Retterath f\u00fcr einen gelungenen Nachmittag mit jeder Menge Spa\u00df.<\/p>\n<p>Vielen Dank.<\/p>\n","protected":false},"excerpt":{"rendered":"<p>Bezirksentscheid der Jugendfeuerwehren Region Trier hier geht&#8217;s zur Bildergalerie Retterath 20. September 2015 | Die Jugendfeuerwehren aus der Region Trier trafen sich in diesem Jahr zum Spiel ohne Grenzen im Landkreis Vulkaneifel. Wir waren zu Gast bei der Jugendfeuerwehr Retterath, welche ihr 15-j\u00e4hriges Bestehen feierte. Beim diesj\u00e4hrigem Wettkampf wurde der Landkreis Bernkastel-Wittlich von den Jugendfeuerwehren [&hellip;]<\/p>\n","protected":false},"author":5,"featured_media":1046,"comment_status":"closed","ping_status":"open","sticky":false,"template":"","format":"standard","meta":{"footnotes":""},"categories":[2],"tags":[],"class_list":["post-1037","post","type-post","status-publish","format-standard","has-post-thumbnail","hentry","category-aktuelles"],"_links":{"self":[{"href":"https:\/\/jf-landkreis-vulkaneifel.de\/index.php?rest_route=\/wp\/v2\/posts\/1037","targetHints":{"allow":["GET"]}}],"collection":[{"href":"https:\/\/jf-landkreis-vulkaneifel.de\/index.php?rest_route=\/wp\/v2\/posts"}],"about":[{"href":"https:\/\/jf-landkreis-vulkaneifel.de\/index.php?rest_route=\/wp\/v2\/types\/post"}],"author":[{"embeddable":true,"href":"https:\/\/jf-landkreis-vulkaneifel.de\/index.php?rest_route=\/wp\/v2\/users\/5"}],"replies":[{"embeddable":true,"href":"https:\/\/jf-landkreis-vulkaneifel.de\/index.php?rest_route=%2Fwp%2Fv2%2Fcomments&post=1037"}],"version-history":[{"count":5,"href":"https:\/\/jf-landkreis-vulkaneifel.de\/index.php?rest_route=\/wp\/v2\/posts\/1037\/revisions"}],"predecessor-version":[{"id":1077,"href":"https:\/\/jf-landkreis-vulkaneifel.de\/index.php?rest_route=\/wp\/v2\/posts\/1037\/revisions\/1077"}],"wp:featuredmedia":[{"embeddable":true,"href":"https:\/\/jf-landkreis-vulkaneifel.de\/index.php?rest_route=\/wp\/v2\/media\/1046"}],"wp:attachment":[{"href":"https:\/\/jf-landkreis-vulkaneifel.de\/index.php?rest_route=%2Fwp%2Fv2%2Fmedia&parent=1037"}],"wp:term":[{"taxonomy":"category","embeddable":true,"href":"https:\/\/jf-landkreis-vulkaneifel.de\/index.php?rest_route=%2Fwp%2Fv2%2Fcategories&post=1037"},{"taxonomy":"post_tag","embeddable":true,"href":"https:\/\/jf-landkreis-vulkaneifel.de\/index.php?rest_route=%2Fwp%2Fv2%2Ftags&post=1037"}],"curies":[{"name":"wp","href":"https:\/\/api.w.org\/{rel}","templated":true}]}}