{"id":1143,"date":"2016-01-29T19:09:55","date_gmt":"2016-01-29T17:09:55","guid":{"rendered":"http:\/\/jf-landkreis-vulkaneifel.de\/?p=1143"},"modified":"2016-01-29T19:09:55","modified_gmt":"2016-01-29T17:09:55","slug":"auf-die-spiele-fertig-los","status":"publish","type":"post","link":"https:\/\/jf-landkreis-vulkaneifel.de\/?p=1143","title":{"rendered":"Auf die Spiele, fertig, los!"},"content":{"rendered":"<p><strong>Spielmobil, Saftladen und H\u00fcpfburg ab sofort in Gerolstein beheimatet<\/strong><\/p>\n<div id=\"attachment_1146\" style=\"width: 560px\" class=\"wp-caption alignnone\"><a href=\"https:\/\/jf-landkreis-vulkaneifel.de\/wp-content\/uploads\/2016\/01\/P1010801.jpg\" rel=\"attachment wp-att-1146\"><img loading=\"lazy\" decoding=\"async\" aria-describedby=\"caption-attachment-1146\" class=\"size-thumbnail wp-image-1146\" src=\"https:\/\/jf-landkreis-vulkaneifel.de\/wp-content\/uploads\/2016\/01\/P1010801-550x413.jpg\" alt=\"\u00dcbergabe Spielmobil durch Landrat Hein-Peter Thiel\" width=\"550\" height=\"413\" srcset=\"https:\/\/jf-landkreis-vulkaneifel.de\/wp-content\/uploads\/2016\/01\/P1010801-550x413.jpg 550w, https:\/\/jf-landkreis-vulkaneifel.de\/wp-content\/uploads\/2016\/01\/P1010801-768x576.jpg 768w, https:\/\/jf-landkreis-vulkaneifel.de\/wp-content\/uploads\/2016\/01\/P1010801-624x468.jpg 624w, https:\/\/jf-landkreis-vulkaneifel.de\/wp-content\/uploads\/2016\/01\/P1010801.jpg 1000w\" sizes=\"auto, (max-width: 550px) 100vw, 550px\" \/><\/a><p id=\"caption-attachment-1146\" class=\"wp-caption-text\">\u00dcbergabe Spielmobil durch Landrat Hein-Peter Thiel<\/p><\/div>\n<p>Zum 01.01.2016 hat der Verein zur F\u00f6rderung der Jugendarbeit im Landkreis Vulkaneifel e. V. das Spielmobil, den Saftladen und die H\u00fcpfburg an die Jugendfeuerwehr Landkreis Vulkaneifel e. V. \u00fcbergeben. Die drei Ger\u00e4te sind seitdem am Feuerwehrger\u00e4tehaus in Gerolstein beheimatet und werden auch zuk\u00fcnftig interessierten Vereinen und Verb\u00e4nden im Landkreis Vulkaneifel f\u00fcr Zwecke der Jugendarbeit zur Verf\u00fcgung gestellt. Eine Reservierung aller drei Ger\u00e4te kann \u00fcber die zentrale E-Mail-Adresse \u201espielmobil(at)jf-lk-vulkaneifel(dot)de\u201c erfolgen.<\/p>\n<p>Landrat Heinz-Peter Thiel dankte \u2013 auch in seiner Eigenschaft als Vorsitzender des Vereins zur F\u00f6rderung der Jugendarbeit \u2013 im Rahmen der offiziellen Ger\u00e4te\u00fcbergabe unserem Kreisjugendfeuerwehrwart Harald Schmitz und der Jugendfeuerwehr Landkreis Vulkaneifel, f\u00fcr die Bereitschaft, die Ger\u00e4te in Zukunft zu betreuen. Die Jugendfeuerwehren leisteten bereits jetzt einen wichtigen Beitrag f\u00fcr das Gemeinwohl und seien eine der tragenden S\u00e4ulen der Jugendarbeit im Landkreis Vulkaneifel. Er sei sicher, dass man mit dem Verein Jugendfeuerwehr einen verl\u00e4sslichen Partner gefunden habe, bei dem die Ger\u00e4te in guten H\u00e4nden seien. Durch das zus\u00e4tzliche b\u00fcrgerschaftliche Engagement der Vereinsverantwortlichen sei auch in Zukunft sichergestellt, dass den Kindern und Jugendlichen im Landkreis Vulkaneifel Spielmobil, Saftladen und H\u00fcpfburg zur Verf\u00fcgung stehen, so der Landrat.<\/p>\n<p>Bei dem Spielmobil handelt es sich um einen geschlossenen PKW-Anh\u00e4nger, in dem sich attraktive Sport- und Spielger\u00e4te (z. B. Einr\u00e4der, Tretkarts, BMX-Fahrr\u00e4der und eine Streetball-Anlage etc.) befinden. Das Equipment kann beispielsweise bei Spielfesten, Zeltlagern oder Aktionstagen von Jugendgruppen und Vereinen eingesetzt werden. Der Saftladen ist ein Getr\u00e4nke-Verkaufsanh\u00e4nger in Wohnwagengr\u00f6\u00dfe, in dem Jugendliche und ehrenamtlich t\u00e4tige Vereinsmitglieder alkoholfreie Cocktails nach vorhandenen Rezepten mixen, garnieren, verkaufen und damit gleich zwei Fliegen mit einer Klappe schlagen: Die Cocktails sollen z. B. auf der Kirmes, bei Jugendveranstaltungen oder Vereinsfesten Leuten, die auch ohne Alkohol Spa\u00df haben k\u00f6nnen und damit eine leckere Alternative bieten. Der Verkaufserl\u00f6s soll schlie\u00dflich der Kasse der Jugendgruppe oder des Vereins zugutekommen, die damit weitere Ma\u00dfnahmen von und f\u00fcr Kinder und Jugendliche planen k\u00f6nnen. Ben\u00f6tigt wird lediglich ein Standplatz, Wasser- und Stromanschluss und schon kann es losgehen. Der \u201eSaftladen\u201c ist komplett eingerichtet mit K\u00fchl- und Gefrierschrank, Sp\u00fcle, Cocktailgl\u00e4sern und allem, was man zur Zubereitung der Cocktails ben\u00f6tigt. Beide Anh\u00e4nger k\u00f6nnen von geeigneten Fahrzeugen mit Anh\u00e4ngerkupplung transportiert werden.<\/p>\n<p>Desweiteren m\u00f6chte sich die Jugendfeuerwehr Vulkaneifel f\u00fcr die Unterst\u00fctzung beim B\u00fcrgerdienst e.V. bedanken. Durch eine Spende war es un s m\u00f6glich, neues Spielger\u00e4t f\u00fcr das Spielmobil anzuschaffen.<\/p>\n<div id=\"attachment_1150\" style=\"width: 560px\" class=\"wp-caption alignnone\"><a href=\"https:\/\/jf-landkreis-vulkaneifel.de\/wp-content\/uploads\/2016\/01\/P1010779.jpg\" rel=\"attachment wp-att-1150\"><img loading=\"lazy\" decoding=\"async\" aria-describedby=\"caption-attachment-1150\" class=\"size-thumbnail wp-image-1150\" src=\"https:\/\/jf-landkreis-vulkaneifel.de\/wp-content\/uploads\/2016\/01\/P1010779-550x413.jpg\" alt=\"Neues Zubeh\u00f6r f\u00fcrs Spielmobil\" width=\"550\" height=\"413\" srcset=\"https:\/\/jf-landkreis-vulkaneifel.de\/wp-content\/uploads\/2016\/01\/P1010779-550x413.jpg 550w, https:\/\/jf-landkreis-vulkaneifel.de\/wp-content\/uploads\/2016\/01\/P1010779-768x576.jpg 768w, https:\/\/jf-landkreis-vulkaneifel.de\/wp-content\/uploads\/2016\/01\/P1010779-624x468.jpg 624w, https:\/\/jf-landkreis-vulkaneifel.de\/wp-content\/uploads\/2016\/01\/P1010779.jpg 1000w\" sizes=\"auto, (max-width: 550px) 100vw, 550px\" \/><\/a><p id=\"caption-attachment-1150\" class=\"wp-caption-text\">Neues Zubeh\u00f6r f\u00fcrs Spielmobil durch Unterst\u00fctzung von B\u00fcrgerdienste e.V.<\/p><\/div>\n<div id=\"attachment_1151\" style=\"width: 560px\" class=\"wp-caption alignnone\"><a href=\"https:\/\/jf-landkreis-vulkaneifel.de\/wp-content\/uploads\/2016\/01\/P1010785-1.jpg\" rel=\"attachment wp-att-1151\"><img loading=\"lazy\" decoding=\"async\" aria-describedby=\"caption-attachment-1151\" class=\"size-thumbnail wp-image-1151\" src=\"https:\/\/jf-landkreis-vulkaneifel.de\/wp-content\/uploads\/2016\/01\/P1010785-1-550x413.jpg\" alt=\"Spielmobil\" width=\"550\" height=\"413\" srcset=\"https:\/\/jf-landkreis-vulkaneifel.de\/wp-content\/uploads\/2016\/01\/P1010785-1-550x413.jpg 550w, https:\/\/jf-landkreis-vulkaneifel.de\/wp-content\/uploads\/2016\/01\/P1010785-1-768x576.jpg 768w, https:\/\/jf-landkreis-vulkaneifel.de\/wp-content\/uploads\/2016\/01\/P1010785-1-624x468.jpg 624w, https:\/\/jf-landkreis-vulkaneifel.de\/wp-content\/uploads\/2016\/01\/P1010785-1.jpg 1000w\" sizes=\"auto, (max-width: 550px) 100vw, 550px\" \/><\/a><p id=\"caption-attachment-1151\" class=\"wp-caption-text\">Spielmobil<\/p><\/div>\n<p>Weitere Informationen zu Spielmobil, Saftladen und H\u00fcpfburg findet Ihr auf unserer Homepage, wo wir auch \u00fcber unsere sonstige Arbeit mit Kindern und Jugendlichen informieren.<\/p>\n<p>Die Jugendfeuerwehren des Landkreises Vulkaneifel bedanken sich recht Herzlich und freuen sich \u00fcber die Unterst\u00fctzung der Jugendarbeit.<\/p>\n<p>Vielen Dank.<\/p>\n","protected":false},"excerpt":{"rendered":"<p>Spielmobil, Saftladen und H\u00fcpfburg ab sofort in Gerolstein beheimatet Zum 01.01.2016 hat der Verein zur F\u00f6rderung der Jugendarbeit im Landkreis Vulkaneifel e. V. das Spielmobil, den Saftladen und die H\u00fcpfburg an die Jugendfeuerwehr Landkreis Vulkaneifel e. V. \u00fcbergeben. Die drei Ger\u00e4te sind seitdem am Feuerwehrger\u00e4tehaus in Gerolstein beheimatet und werden auch zuk\u00fcnftig interessierten Vereinen und [&hellip;]<\/p>\n","protected":false},"author":5,"featured_media":1146,"comment_status":"closed","ping_status":"open","sticky":false,"template":"","format":"standard","meta":{"footnotes":""},"categories":[2],"tags":[],"class_list":["post-1143","post","type-post","status-publish","format-standard","has-post-thumbnail","hentry","category-aktuelles"],"_links":{"self":[{"href":"https:\/\/jf-landkreis-vulkaneifel.de\/index.php?rest_route=\/wp\/v2\/posts\/1143","targetHints":{"allow":["GET"]}}],"collection":[{"href":"https:\/\/jf-landkreis-vulkaneifel.de\/index.php?rest_route=\/wp\/v2\/posts"}],"about":[{"href":"https:\/\/jf-landkreis-vulkaneifel.de\/index.php?rest_route=\/wp\/v2\/types\/post"}],"author":[{"embeddable":true,"href":"https:\/\/jf-landkreis-vulkaneifel.de\/index.php?rest_route=\/wp\/v2\/users\/5"}],"replies":[{"embeddable":true,"href":"https:\/\/jf-landkreis-vulkaneifel.de\/index.php?rest_route=%2Fwp%2Fv2%2Fcomments&post=1143"}],"version-history":[{"count":5,"href":"https:\/\/jf-landkreis-vulkaneifel.de\/index.php?rest_route=\/wp\/v2\/posts\/1143\/revisions"}],"predecessor-version":[{"id":1152,"href":"https:\/\/jf-landkreis-vulkaneifel.de\/index.php?rest_route=\/wp\/v2\/posts\/1143\/revisions\/1152"}],"wp:featuredmedia":[{"embeddable":true,"href":"https:\/\/jf-landkreis-vulkaneifel.de\/index.php?rest_route=\/wp\/v2\/media\/1146"}],"wp:attachment":[{"href":"https:\/\/jf-landkreis-vulkaneifel.de\/index.php?rest_route=%2Fwp%2Fv2%2Fmedia&parent=1143"}],"wp:term":[{"taxonomy":"category","embeddable":true,"href":"https:\/\/jf-landkreis-vulkaneifel.de\/index.php?rest_route=%2Fwp%2Fv2%2Fcategories&post=1143"},{"taxonomy":"post_tag","embeddable":true,"href":"https:\/\/jf-landkreis-vulkaneifel.de\/index.php?rest_route=%2Fwp%2Fv2%2Ftags&post=1143"}],"curies":[{"name":"wp","href":"https:\/\/api.w.org\/{rel}","templated":true}]}}