{"id":1216,"date":"2016-02-28T13:49:25","date_gmt":"2016-02-28T11:49:25","guid":{"rendered":"http:\/\/jf-landkreis-vulkaneifel.de\/?p=1216"},"modified":"2016-02-28T13:49:25","modified_gmt":"2016-02-28T11:49:25","slug":"juleica-lehrgang-der-jf-landkreis-vulkaneifel","status":"publish","type":"post","link":"https:\/\/jf-landkreis-vulkaneifel.de\/?p=1216","title":{"rendered":"JULEICA-Lehrgang der JF Landkreis Vulkaneifel"},"content":{"rendered":"<div id=\"attachment_1200\" style=\"width: 560px\" class=\"wp-caption alignnone\"><a href=\"https:\/\/jf-landkreis-vulkaneifel.de\/?page_id=1207\" rel=\"attachment wp-att-1200\"><img loading=\"lazy\" decoding=\"async\" aria-describedby=\"caption-attachment-1200\" class=\"wp-image-1200 size-thumbnail\" src=\"https:\/\/jf-landkreis-vulkaneifel.de\/wp-content\/uploads\/2016\/02\/JF-LK-Vulkaneifel-Juleica-Lehrgang-2016-007-550x367.jpg\" alt=\"Nervennahrung\" width=\"550\" height=\"367\" srcset=\"https:\/\/jf-landkreis-vulkaneifel.de\/wp-content\/uploads\/2016\/02\/JF-LK-Vulkaneifel-Juleica-Lehrgang-2016-007-550x367.jpg 550w, https:\/\/jf-landkreis-vulkaneifel.de\/wp-content\/uploads\/2016\/02\/JF-LK-Vulkaneifel-Juleica-Lehrgang-2016-007.jpg 1024w, https:\/\/jf-landkreis-vulkaneifel.de\/wp-content\/uploads\/2016\/02\/JF-LK-Vulkaneifel-Juleica-Lehrgang-2016-007-768x512.jpg 768w, https:\/\/jf-landkreis-vulkaneifel.de\/wp-content\/uploads\/2016\/02\/JF-LK-Vulkaneifel-Juleica-Lehrgang-2016-007-624x416.jpg 624w\" sizes=\"auto, (max-width: 550px) 100vw, 550px\" \/><\/a><p id=\"caption-attachment-1200\" class=\"wp-caption-text\">Nervennahrung<\/p><\/div>\n<p><a href=\"https:\/\/jf-landkreis-vulkaneifel.de\/?page_id=1207\">[Bildergalerie]<\/a><\/p>\n<p>Daun | Am Wochenende vom 12. Bis 14. Februar 2016 fand unser Jugendgruppenleiterlehrgang (JULEICA) in der Jugendherberge Daun statt. In diesem Jahr konnten wir 24 Teilnehmer begr\u00fc\u00dfen, die sich bereit erkl\u00e4rt haben, Jugendarbeit bei den Jugendfeuerwehren des Landkreises zu leisten. Unsere Dozenten schulten die neuen Jugendbetreuer zu den verschiedensten Themen, wie z. B. die Vorbereitung einer Gruppenstunde; das Erkennen und Bew\u00e4ltigen von unterschiedlichen Situationen oder zum Thema \u201eDrogen\u201c.<\/p>\n<p>Ein besonderer Dank geht hierbei an unsere Dozenten Kurt Laux und Hubert Lenz, die uns seit vielen Jahren hervorragend unterst\u00fctzen, wenn es um die Ausbildung unserer Jugendbetreuer geht.<\/p>\n<p>Vielen Dank.<\/p>\n","protected":false},"excerpt":{"rendered":"<p>[Bildergalerie] Daun | Am Wochenende vom 12. Bis 14. Februar 2016 fand unser Jugendgruppenleiterlehrgang (JULEICA) in der Jugendherberge Daun statt. In diesem Jahr konnten wir 24 Teilnehmer begr\u00fc\u00dfen, die sich bereit erkl\u00e4rt haben, Jugendarbeit bei den Jugendfeuerwehren des Landkreises zu leisten. Unsere Dozenten schulten die neuen Jugendbetreuer zu den verschiedensten Themen, wie z. B. die [&hellip;]<\/p>\n","protected":false},"author":5,"featured_media":0,"comment_status":"closed","ping_status":"open","sticky":false,"template":"","format":"standard","meta":{"footnotes":""},"categories":[2],"tags":[],"class_list":["post-1216","post","type-post","status-publish","format-standard","hentry","category-aktuelles"],"_links":{"self":[{"href":"https:\/\/jf-landkreis-vulkaneifel.de\/index.php?rest_route=\/wp\/v2\/posts\/1216","targetHints":{"allow":["GET"]}}],"collection":[{"href":"https:\/\/jf-landkreis-vulkaneifel.de\/index.php?rest_route=\/wp\/v2\/posts"}],"about":[{"href":"https:\/\/jf-landkreis-vulkaneifel.de\/index.php?rest_route=\/wp\/v2\/types\/post"}],"author":[{"embeddable":true,"href":"https:\/\/jf-landkreis-vulkaneifel.de\/index.php?rest_route=\/wp\/v2\/users\/5"}],"replies":[{"embeddable":true,"href":"https:\/\/jf-landkreis-vulkaneifel.de\/index.php?rest_route=%2Fwp%2Fv2%2Fcomments&post=1216"}],"version-history":[{"count":2,"href":"https:\/\/jf-landkreis-vulkaneifel.de\/index.php?rest_route=\/wp\/v2\/posts\/1216\/revisions"}],"predecessor-version":[{"id":1220,"href":"https:\/\/jf-landkreis-vulkaneifel.de\/index.php?rest_route=\/wp\/v2\/posts\/1216\/revisions\/1220"}],"wp:attachment":[{"href":"https:\/\/jf-landkreis-vulkaneifel.de\/index.php?rest_route=%2Fwp%2Fv2%2Fmedia&parent=1216"}],"wp:term":[{"taxonomy":"category","embeddable":true,"href":"https:\/\/jf-landkreis-vulkaneifel.de\/index.php?rest_route=%2Fwp%2Fv2%2Fcategories&post=1216"},{"taxonomy":"post_tag","embeddable":true,"href":"https:\/\/jf-landkreis-vulkaneifel.de\/index.php?rest_route=%2Fwp%2Fv2%2Ftags&post=1216"}],"curies":[{"name":"wp","href":"https:\/\/api.w.org\/{rel}","templated":true}]}}