{"id":1223,"date":"2016-03-20T16:10:52","date_gmt":"2016-03-20T14:10:52","guid":{"rendered":"http:\/\/jf-landkreis-vulkaneifel.de\/?p=1223"},"modified":"2016-03-20T16:16:19","modified_gmt":"2016-03-20T14:16:19","slug":"sicher-in-die-zukunft-mit-neuem-team","status":"publish","type":"post","link":"https:\/\/jf-landkreis-vulkaneifel.de\/?p=1223","title":{"rendered":"Sicher in die Zukunft mit neuem Team"},"content":{"rendered":"<div id=\"attachment_1234\" style=\"width: 560px\" class=\"wp-caption alignnone\"><a href=\"https:\/\/jf-landkreis-vulkaneifel.de\/?page_id=1246\" rel=\"attachment wp-att-1234\"><img loading=\"lazy\" decoding=\"async\" aria-describedby=\"caption-attachment-1234\" class=\"wp-image-1234 size-thumbnail\" src=\"https:\/\/jf-landkreis-vulkaneifel.de\/wp-content\/uploads\/2016\/03\/16-03-20-Delegiertentag-KFV-Vulkaneifel-010-550x367.jpg\" alt=\"Gru\u00dfwort Frank Hachemer, Pr\u00e4sident Landesfeuerwehrverband Rheinland-Pfalz\" width=\"550\" height=\"367\" srcset=\"https:\/\/jf-landkreis-vulkaneifel.de\/wp-content\/uploads\/2016\/03\/16-03-20-Delegiertentag-KFV-Vulkaneifel-010-550x367.jpg 550w, https:\/\/jf-landkreis-vulkaneifel.de\/wp-content\/uploads\/2016\/03\/16-03-20-Delegiertentag-KFV-Vulkaneifel-010.jpg 1024w, https:\/\/jf-landkreis-vulkaneifel.de\/wp-content\/uploads\/2016\/03\/16-03-20-Delegiertentag-KFV-Vulkaneifel-010-768x512.jpg 768w, https:\/\/jf-landkreis-vulkaneifel.de\/wp-content\/uploads\/2016\/03\/16-03-20-Delegiertentag-KFV-Vulkaneifel-010-624x416.jpg 624w\" sizes=\"auto, (max-width: 550px) 100vw, 550px\" \/><\/a><p id=\"caption-attachment-1234\" class=\"wp-caption-text\">Gru\u00dfwort Frank Hachemer, Pr\u00e4sident Landesfeuerwehrverband Rheinland-Pfalz<\/p><\/div>\n<p><a href=\"https:\/\/jf-landkreis-vulkaneifel.de\/?page_id=1246\">[Bildergalerie]<\/a><\/p>\n<p>\u00dcdersdorf 20.03.2016 | Der diesj\u00e4hrige Delegiertentag des Kreisfeuerwehrverband Vulkaneifel sollte Interessant werden. Dies merkte man bereits daran, dass sich besondere Ehreng\u00e4ste angek\u00fcndigt haben. Frank Leuwer, Vorsitzender des Kreisfeuewehrverbandes, durfte neben den 88 Delegierten unseren Pr\u00e4sidenten des Landesfeuerwehrverbandes, Frank Hachemer, seinen Stellvertreter Peter Gerhards sowie unseren Bundestagsabgeordneten Patrick Schnieder in \u00dcderdorf begr\u00fc\u00dfen. KFI Christoph Bach w\u00fcrdigte in seinem Gru\u00dfwort die gute Arbeit des Kreisfeuerwehrverbandes und von Frank Leuwer als Vorsitzenden. Bundestagsabgeordneter Patrick Schnieder ist sich der Bedeutung unserer Feuerwehren sehr wohl bewu\u00dft und Frank Hachemer freut es, dass die Politik auch nach der Wahl noch Zeit f\u00fcr Ihre Feuerwehr hat.<\/p>\n<p>Beim heutigen Delegiertentag stand zu dem die Neuwahl des gesamten Vorstandes an. Frank Leuwer h\u00f6rt als Vorsitzender beim Kreisfeuerwehrverband auf und gibt das Zepter weiter. Der neugew\u00e4hlte Vorstand sieht wie folgt aus:<\/p>\n<ol>\n<li>Vorsitzender \u00a0 \u00a0 \u00a0 \u00a0 \u00a0 \u00a0 \u00a0 \u00a0\u00a0 \u00a0\u00a0\u00a0\u00a0\u00a0\u00a0\u00a0\u00a0 Udo Cornesse, Hillesheim<\/li>\n<li>Vorsitzender \u00a0 \u00a0 \u00a0 \u00a0 \u00a0 \u00a0 \u00a0 \u00a0 \u00a0 \u00a0\u00a0 \u00a0 \u00a0\u00a0 Andreas Korst, Oberstadtfeld<\/li>\n<li>Schriftf\u00fchrer\u00a0\u00a0\u00a0\u00a0\u00a0\u00a0\u00a0\u00a0 \u00a0 \u00a0 \u00a0 \u00a0 \u00a0 \u00a0 \u00a0 \u00a0 \u00a0 Ralf Jakobs, H\u00f6rschhausen<\/li>\n<li>Kassenwart\u00a0\u00a0\u00a0\u00a0\u00a0\u00a0\u00a0\u00a0\u00a0\u00a0 \u00a0 \u00a0 \u00a0 \u00a0 \u00a0 \u00a0 \u00a0 \u00a0 \u00a0 Kurt G\u00f6rgen, Tettscheid<\/li>\n<li>Kreisfrauenwartin \u00a0 \u00a0 \u00a0 \u00a0 \u00a0 \u00a0 \u00a0 \u00a0\u00a0 Petra Cornesse, Hillesheim<\/li>\n<li>Beisitzer Einzelmitglieder \u00a0 \u00a0 Karl-Heinz Kunze, Gerolstein<\/li>\n<li>Beisitzer VG Daun\u00a0\u00a0\u00a0\u00a0\u00a0\u00a0\u00a0\u00a0\u00a0\u00a0\u00a0\u00a0\u00a0\u00a0\u00a0\u00a0\u00a0 Kevin Fandel, Mehren<\/li>\n<li>Beisitzer VG Gerolstein \u00a0\u00a0\u00a0\u00a0\u00a0\u00a0\u00a0 Sabine Lehmacher, Gerolstein<\/li>\n<li>Beisitzer VG Hillesheim \u00a0\u00a0\u00a0\u00a0\u00a0\u00a0\u00a0 Patrick Schmitz, Nohn<\/li>\n<li>Beisitzer VG Kelberg \u00a0 \u00a0 \u00a0 \u00a0 \u00a0 \u00a0\u00a0 Markus Blick, Mannebach<\/li>\n<li>Beisitzer VG Obere Kyll \u00a0\u00a0\u00a0\u00a0\u00a0\u00a0\u00a0 Manfred R\u00fctz, Birgel<\/li>\n<\/ol>\n<p>F\u00fcr seine Langj\u00e4hrige Arbeit als Vorsitzender des Kreisfeuerwehrverbandes sowie seine Verdienste um das Feuerwehrwesen, wurde Frank Leuwer das deutsche Feuerwehr-Ehrenkreuz in Gold von Frank Hachemer verliehen.<\/p>\n<p>Vielen Dank, Frank Leuwer f\u00fcr die gute Zusammenarbeit und alles Gute f\u00fcr die Zukunft.<\/p>\n<p>Udo Cornesse und seinem Team w\u00fcnschen wir viel Erfolg und immer ein gutes H\u00e4ndchen f\u00fcr die Zukunft der Feuerwehren im Landkreis Vulkaneifel.<\/p>\n<p>Die Jugendfeuerwehren im Landkreis Vulkaneifel<\/p>\n","protected":false},"excerpt":{"rendered":"<p>[Bildergalerie] \u00dcdersdorf 20.03.2016 | Der diesj\u00e4hrige Delegiertentag des Kreisfeuerwehrverband Vulkaneifel sollte Interessant werden. Dies merkte man bereits daran, dass sich besondere Ehreng\u00e4ste angek\u00fcndigt haben. Frank Leuwer, Vorsitzender des Kreisfeuewehrverbandes, durfte neben den 88 Delegierten unseren Pr\u00e4sidenten des Landesfeuerwehrverbandes, Frank Hachemer, seinen Stellvertreter Peter Gerhards sowie unseren Bundestagsabgeordneten Patrick Schnieder in \u00dcderdorf begr\u00fc\u00dfen. KFI Christoph Bach [&hellip;]<\/p>\n","protected":false},"author":5,"featured_media":1234,"comment_status":"closed","ping_status":"open","sticky":false,"template":"","format":"standard","meta":{"footnotes":""},"categories":[2],"tags":[22],"class_list":["post-1223","post","type-post","status-publish","format-standard","has-post-thumbnail","hentry","category-aktuelles","tag-kreisfeuerwehrverband-vulkaneifel"],"_links":{"self":[{"href":"https:\/\/jf-landkreis-vulkaneifel.de\/index.php?rest_route=\/wp\/v2\/posts\/1223","targetHints":{"allow":["GET"]}}],"collection":[{"href":"https:\/\/jf-landkreis-vulkaneifel.de\/index.php?rest_route=\/wp\/v2\/posts"}],"about":[{"href":"https:\/\/jf-landkreis-vulkaneifel.de\/index.php?rest_route=\/wp\/v2\/types\/post"}],"author":[{"embeddable":true,"href":"https:\/\/jf-landkreis-vulkaneifel.de\/index.php?rest_route=\/wp\/v2\/users\/5"}],"replies":[{"embeddable":true,"href":"https:\/\/jf-landkreis-vulkaneifel.de\/index.php?rest_route=%2Fwp%2Fv2%2Fcomments&post=1223"}],"version-history":[{"count":7,"href":"https:\/\/jf-landkreis-vulkaneifel.de\/index.php?rest_route=\/wp\/v2\/posts\/1223\/revisions"}],"predecessor-version":[{"id":1253,"href":"https:\/\/jf-landkreis-vulkaneifel.de\/index.php?rest_route=\/wp\/v2\/posts\/1223\/revisions\/1253"}],"wp:featuredmedia":[{"embeddable":true,"href":"https:\/\/jf-landkreis-vulkaneifel.de\/index.php?rest_route=\/wp\/v2\/media\/1234"}],"wp:attachment":[{"href":"https:\/\/jf-landkreis-vulkaneifel.de\/index.php?rest_route=%2Fwp%2Fv2%2Fmedia&parent=1223"}],"wp:term":[{"taxonomy":"category","embeddable":true,"href":"https:\/\/jf-landkreis-vulkaneifel.de\/index.php?rest_route=%2Fwp%2Fv2%2Fcategories&post=1223"},{"taxonomy":"post_tag","embeddable":true,"href":"https:\/\/jf-landkreis-vulkaneifel.de\/index.php?rest_route=%2Fwp%2Fv2%2Ftags&post=1223"}],"curies":[{"name":"wp","href":"https:\/\/api.w.org\/{rel}","templated":true}]}}