{"id":1265,"date":"2016-05-10T18:00:56","date_gmt":"2016-05-10T16:00:56","guid":{"rendered":"http:\/\/jf-landkreis-vulkaneifel.de\/?p=1265"},"modified":"2025-06-16T22:07:38","modified_gmt":"2025-06-16T20:07:38","slug":"mach-mit-und-sei-dabei","status":"publish","type":"post","link":"https:\/\/jf-landkreis-vulkaneifel.de\/?p=1265","title":{"rendered":"Mach mit und sei dabei!"},"content":{"rendered":"<p>Wallenborn | Am Sa. 07.05.2016 stellte sich die neue Jugendfeuerwehr-Gemeinschaft aus der Region \u201eHinterb\u00fcsch\u201c im Rahmen eines Informationsnachmittags auf dem Feuerwehrfest in Wallenborn vor. Die Jugendfeuerwehren aus Niederstadtfeld, Oberstadtfeld, Schutz, Wallenborn und Weidenbach haben sich dazu entschlossen, gemeinsam in die Zukunft zu starten und sich zu einer Jugendfeuerwehr-Gemeinschaft zusammen getan. Zuk\u00fcnftig werden die Jugendlichen aus den verschiedenen Orten ihre Gruppenstunden, \u00dcbungen aber auch die zahlreichen Kreisveranstaltung wie das V\u00f6lkerballturnier oder den Tag der Jugendfeuerwehren im Team bestreiten.<\/p>\n<div id=\"attachment_1259\" style=\"width: 560px\" class=\"wp-caption alignnone\"><a href=\"https:\/\/jf-landkreis-vulkaneifel.de\/wp-content\/uploads\/2016\/05\/DSCF0397.jpg\"><img loading=\"lazy\" decoding=\"async\" aria-describedby=\"caption-attachment-1259\" class=\"size-thumbnail wp-image-1259\" src=\"https:\/\/jf-landkreis-vulkaneifel.de\/wp-content\/uploads\/2016\/05\/DSCF0397-550x347.jpg\" alt=\"L\u00f6schfahrzeug FW Wallenborn\" width=\"550\" height=\"347\" srcset=\"https:\/\/jf-landkreis-vulkaneifel.de\/wp-content\/uploads\/2016\/05\/DSCF0397-550x347.jpg 550w, https:\/\/jf-landkreis-vulkaneifel.de\/wp-content\/uploads\/2016\/05\/DSCF0397-1024x647.jpg 1024w, https:\/\/jf-landkreis-vulkaneifel.de\/wp-content\/uploads\/2016\/05\/DSCF0397-768x485.jpg 768w, https:\/\/jf-landkreis-vulkaneifel.de\/wp-content\/uploads\/2016\/05\/DSCF0397-1280x808.jpg 1280w, https:\/\/jf-landkreis-vulkaneifel.de\/wp-content\/uploads\/2016\/05\/DSCF0397-624x394.jpg 624w\" sizes=\"auto, (max-width: 550px) 100vw, 550px\" \/><\/a><p id=\"caption-attachment-1259\" class=\"wp-caption-text\">L\u00f6schfahrzeug FW Wallenborn<\/p><\/div>\n<p>Andreas Korst (Wehrf\u00fchrer Oberstadtfeld) und Martin Saxler (stlv. Wehrleiter VG Daun) stellten gemeinsam mit Franz-Josef Diewald (Wehrf\u00fchrer Wallenborn) die neue Jugendfeuerwehrgemeinschaft den interessierten Jugendlichen und Ihren Eltern vor. Harald Schmitz (Kreisjugendfeuerwehrwart) gab einen kurzen Einblick in die T\u00e4tigkeiten und Veranstaltungen der Jugendfeuerwehren im Landkreis Vulkaneifel.<\/p>\n<p>Die Jugendlichen konnten sich im Anschluss die Feuerwehrfahrzeuge erkl\u00e4ren lassen und durften vieles ausprobieren, z.B die neuen Digitalfunkger\u00e4te. Im Anschlu\u00df ging es dann noch zu einer \u201eEinsatzfahrt\u201c mit dem L\u00f6schfahrzeug der Feuerwehr Wallenborn.<\/p>\n<p><span style=\"color: #ff0000;\">Zur n\u00e4chsten Gruppenstunde am <strong>Samstag<\/strong> den <strong>04.06.2016<\/strong> um <strong>15:00 Uhr<\/strong> im\u00a0<strong>Feuerwehrhaus Niederstadtfeld\u00a0<\/strong>sind alle interessierten Kinder und Jugendlichen recht Herzlich eingeladen!<\/span><\/p>\n<p>Alles in allen war es ein gelungener Nachmittag f\u00fcr die neue Jugendfeuerwehr-Gemeinschaft aus der Region \u201eHinterb\u00fcsch\u201c und die zuk\u00fcnftige Zusammenarbeit der Feuerwehren.<\/p>\n<div id=\"attachment_1260\" style=\"width: 560px\" class=\"wp-caption alignnone\"><img loading=\"lazy\" decoding=\"async\" aria-describedby=\"caption-attachment-1260\" class=\"size-thumbnail wp-image-1260\" src=\"https:\/\/jf-landkreis-vulkaneifel.de\/wp-content\/uploads\/2016\/05\/DSCF0399-550x367.jpg\" alt=\"L\u00f6schfahrzeug FW Wallenborn\" width=\"550\" height=\"367\" srcset=\"https:\/\/jf-landkreis-vulkaneifel.de\/wp-content\/uploads\/2016\/05\/DSCF0399-550x367.jpg 550w, https:\/\/jf-landkreis-vulkaneifel.de\/wp-content\/uploads\/2016\/05\/DSCF0399-1024x683.jpg 1024w, https:\/\/jf-landkreis-vulkaneifel.de\/wp-content\/uploads\/2016\/05\/DSCF0399-768x512.jpg 768w, https:\/\/jf-landkreis-vulkaneifel.de\/wp-content\/uploads\/2016\/05\/DSCF0399-1280x853.jpg 1280w, https:\/\/jf-landkreis-vulkaneifel.de\/wp-content\/uploads\/2016\/05\/DSCF0399-624x416.jpg 624w\" sizes=\"auto, (max-width: 550px) 100vw, 550px\" \/><p id=\"caption-attachment-1260\" class=\"wp-caption-text\">L\u00f6schfahrzeug FW Wallenborn<\/p><\/div>\n<div id=\"attachment_1262\" style=\"width: 560px\" class=\"wp-caption alignnone\"><img loading=\"lazy\" decoding=\"async\" aria-describedby=\"caption-attachment-1262\" class=\"size-thumbnail wp-image-1262\" src=\"https:\/\/jf-landkreis-vulkaneifel.de\/wp-content\/uploads\/2016\/05\/DSCF0405-550x367.jpg\" alt=\"Pr\u00e4sentation JF Gemeinschaft\" width=\"550\" height=\"367\" srcset=\"https:\/\/jf-landkreis-vulkaneifel.de\/wp-content\/uploads\/2016\/05\/DSCF0405-550x367.jpg 550w, https:\/\/jf-landkreis-vulkaneifel.de\/wp-content\/uploads\/2016\/05\/DSCF0405-1024x683.jpg 1024w, https:\/\/jf-landkreis-vulkaneifel.de\/wp-content\/uploads\/2016\/05\/DSCF0405-768x512.jpg 768w, https:\/\/jf-landkreis-vulkaneifel.de\/wp-content\/uploads\/2016\/05\/DSCF0405-1280x853.jpg 1280w, https:\/\/jf-landkreis-vulkaneifel.de\/wp-content\/uploads\/2016\/05\/DSCF0405-624x416.jpg 624w\" sizes=\"auto, (max-width: 550px) 100vw, 550px\" \/><p id=\"caption-attachment-1262\" class=\"wp-caption-text\">Pr\u00e4sentation JF Gemeinschaft<\/p><\/div>\n","protected":false},"excerpt":{"rendered":"<p>Wallenborn | Am Sa. 07.05.2016 stellte sich die neue Jugendfeuerwehr-Gemeinschaft aus der Region \u201eHinterb\u00fcsch\u201c im Rahmen eines Informationsnachmittags auf dem Feuerwehrfest in Wallenborn vor. Die Jugendfeuerwehren aus Niederstadtfeld, Oberstadtfeld, Schutz, Wallenborn und Weidenbach haben sich dazu entschlossen, gemeinsam in die Zukunft zu starten und sich zu einer Jugendfeuerwehr-Gemeinschaft zusammen getan. Zuk\u00fcnftig werden die Jugendlichen aus [&hellip;]<\/p>\n","protected":false},"author":5,"featured_media":1259,"comment_status":"closed","ping_status":"open","sticky":false,"template":"","format":"standard","meta":{"footnotes":""},"categories":[2],"tags":[24,25,23],"class_list":["post-1265","post","type-post","status-publish","format-standard","has-post-thumbnail","hentry","category-aktuelles","tag-gemeinschaft","tag-hinterbuesch","tag-jugendfeuerwehr"],"_links":{"self":[{"href":"https:\/\/jf-landkreis-vulkaneifel.de\/index.php?rest_route=\/wp\/v2\/posts\/1265","targetHints":{"allow":["GET"]}}],"collection":[{"href":"https:\/\/jf-landkreis-vulkaneifel.de\/index.php?rest_route=\/wp\/v2\/posts"}],"about":[{"href":"https:\/\/jf-landkreis-vulkaneifel.de\/index.php?rest_route=\/wp\/v2\/types\/post"}],"author":[{"embeddable":true,"href":"https:\/\/jf-landkreis-vulkaneifel.de\/index.php?rest_route=\/wp\/v2\/users\/5"}],"replies":[{"embeddable":true,"href":"https:\/\/jf-landkreis-vulkaneifel.de\/index.php?rest_route=%2Fwp%2Fv2%2Fcomments&post=1265"}],"version-history":[{"count":15,"href":"https:\/\/jf-landkreis-vulkaneifel.de\/index.php?rest_route=\/wp\/v2\/posts\/1265\/revisions"}],"predecessor-version":[{"id":2310,"href":"https:\/\/jf-landkreis-vulkaneifel.de\/index.php?rest_route=\/wp\/v2\/posts\/1265\/revisions\/2310"}],"wp:featuredmedia":[{"embeddable":true,"href":"https:\/\/jf-landkreis-vulkaneifel.de\/index.php?rest_route=\/wp\/v2\/media\/1259"}],"wp:attachment":[{"href":"https:\/\/jf-landkreis-vulkaneifel.de\/index.php?rest_route=%2Fwp%2Fv2%2Fmedia&parent=1265"}],"wp:term":[{"taxonomy":"category","embeddable":true,"href":"https:\/\/jf-landkreis-vulkaneifel.de\/index.php?rest_route=%2Fwp%2Fv2%2Fcategories&post=1265"},{"taxonomy":"post_tag","embeddable":true,"href":"https:\/\/jf-landkreis-vulkaneifel.de\/index.php?rest_route=%2Fwp%2Fv2%2Ftags&post=1265"}],"curies":[{"name":"wp","href":"https:\/\/api.w.org\/{rel}","templated":true}]}}