{"id":1277,"date":"2016-05-18T19:50:40","date_gmt":"2016-05-18T17:50:40","guid":{"rendered":"http:\/\/jf-landkreis-vulkaneifel.de\/?p=1277"},"modified":"2025-06-16T22:07:02","modified_gmt":"2025-06-16T20:07:02","slug":"ankuendigung-abnahme-jugendflamme-stufe-12-in-pelm-29-05-2016","status":"publish","type":"post","link":"https:\/\/jf-landkreis-vulkaneifel.de\/?p=1277","title":{"rendered":"ANK\u00dcNDIGUNG &#8211; Abnahme Jugendflamme Stufe 1+2 in Pelm 29.05.2016"},"content":{"rendered":"<div id=\"attachment_695\" style=\"width: 560px\" class=\"wp-caption alignnone\"><a href=\"https:\/\/jf-landkreis-vulkaneifel.de\/wp-content\/uploads\/2014\/10\/Jugendflamme-Stufe-1-3.jpg\"><img loading=\"lazy\" decoding=\"async\" aria-describedby=\"caption-attachment-695\" class=\"size-thumbnail wp-image-695\" src=\"https:\/\/jf-landkreis-vulkaneifel.de\/wp-content\/uploads\/2014\/10\/Jugendflamme-Stufe-1-3-550x308.jpg\" alt=\"Abzeichen Jugendflamme Stufe 1 bis 3\" width=\"550\" height=\"308\" srcset=\"https:\/\/jf-landkreis-vulkaneifel.de\/wp-content\/uploads\/2014\/10\/Jugendflamme-Stufe-1-3-550x308.jpg 550w, https:\/\/jf-landkreis-vulkaneifel.de\/wp-content\/uploads\/2014\/10\/Jugendflamme-Stufe-1-3-624x349.jpg 624w, https:\/\/jf-landkreis-vulkaneifel.de\/wp-content\/uploads\/2014\/10\/Jugendflamme-Stufe-1-3.jpg 1024w\" sizes=\"auto, (max-width: 550px) 100vw, 550px\" \/><\/a><p id=\"caption-attachment-695\" class=\"wp-caption-text\">Abzeichen Jugendflamme Stufe 1 bis 3<\/p><\/div>\n<p>Pelm | Am <strong>29.05.2016<\/strong> findet die Abnahme der Jugendflamme f\u00fcr die Stufe 1 und 2 in Pelm statt. Die Anmeldung sollte bis sp\u00e4testens <strong>18.05.2016<\/strong> bei Harald oder Joachim von euren Jugendwarten erfolgen.<\/p>\n<p>Viel Spa\u00df beim \u00dcben und wir sehen uns in Pelm<\/p>\n<p>Euer Team der Jugendfeuerwehr Vulkaneifel<\/p>\n","protected":false},"excerpt":{"rendered":"<p>Pelm | Am 29.05.2016 findet die Abnahme der Jugendflamme f\u00fcr die Stufe 1 und 2 in Pelm statt. Die Anmeldung sollte bis sp\u00e4testens 18.05.2016 bei Harald oder Joachim von euren Jugendwarten erfolgen. Viel Spa\u00df beim \u00dcben und wir sehen uns in Pelm Euer Team der Jugendfeuerwehr Vulkaneifel<\/p>\n","protected":false},"author":5,"featured_media":695,"comment_status":"closed","ping_status":"open","sticky":false,"template":"","format":"standard","meta":{"footnotes":""},"categories":[2],"tags":[],"class_list":["post-1277","post","type-post","status-publish","format-standard","has-post-thumbnail","hentry","category-aktuelles"],"_links":{"self":[{"href":"https:\/\/jf-landkreis-vulkaneifel.de\/index.php?rest_route=\/wp\/v2\/posts\/1277","targetHints":{"allow":["GET"]}}],"collection":[{"href":"https:\/\/jf-landkreis-vulkaneifel.de\/index.php?rest_route=\/wp\/v2\/posts"}],"about":[{"href":"https:\/\/jf-landkreis-vulkaneifel.de\/index.php?rest_route=\/wp\/v2\/types\/post"}],"author":[{"embeddable":true,"href":"https:\/\/jf-landkreis-vulkaneifel.de\/index.php?rest_route=\/wp\/v2\/users\/5"}],"replies":[{"embeddable":true,"href":"https:\/\/jf-landkreis-vulkaneifel.de\/index.php?rest_route=%2Fwp%2Fv2%2Fcomments&post=1277"}],"version-history":[{"count":5,"href":"https:\/\/jf-landkreis-vulkaneifel.de\/index.php?rest_route=\/wp\/v2\/posts\/1277\/revisions"}],"predecessor-version":[{"id":2309,"href":"https:\/\/jf-landkreis-vulkaneifel.de\/index.php?rest_route=\/wp\/v2\/posts\/1277\/revisions\/2309"}],"wp:featuredmedia":[{"embeddable":true,"href":"https:\/\/jf-landkreis-vulkaneifel.de\/index.php?rest_route=\/wp\/v2\/media\/695"}],"wp:attachment":[{"href":"https:\/\/jf-landkreis-vulkaneifel.de\/index.php?rest_route=%2Fwp%2Fv2%2Fmedia&parent=1277"}],"wp:term":[{"taxonomy":"category","embeddable":true,"href":"https:\/\/jf-landkreis-vulkaneifel.de\/index.php?rest_route=%2Fwp%2Fv2%2Fcategories&post=1277"},{"taxonomy":"post_tag","embeddable":true,"href":"https:\/\/jf-landkreis-vulkaneifel.de\/index.php?rest_route=%2Fwp%2Fv2%2Ftags&post=1277"}],"curies":[{"name":"wp","href":"https:\/\/api.w.org\/{rel}","templated":true}]}}