{"id":1299,"date":"2016-06-18T12:05:34","date_gmt":"2016-06-18T10:05:34","guid":{"rendered":"http:\/\/jf-landkreis-vulkaneifel.de\/?p=1299"},"modified":"2016-06-18T12:05:34","modified_gmt":"2016-06-18T10:05:34","slug":"jugendflamme-stufe-1-2-in-pelm","status":"publish","type":"post","link":"https:\/\/jf-landkreis-vulkaneifel.de\/?p=1299","title":{"rendered":"Jugendflamme Stufe 1 &#038; 2 in Pelm"},"content":{"rendered":"<p>Pelm | Am Sonntag den 29.05.2016 fand in Pelm zum 20-j\u00e4hrigen bestehen der Jugendfeuerwehr die Abnahme der Jugendflamme Stufe 1 &amp; 2 satt. Bei tollem Wetter zeigten die Jugendlichen Ihr ganzes k\u00f6nnen und pr\u00e4sentierten an den verschiedenen Stationen was Sie bei der Jugendfeuerwehr bereits alles gelernt haben. Dazu z\u00e4hlen Aufgaben wie z.B. das Absetzen eines Notrufs, das anfertigen verschiedener Knoten oder das absichern eines Fahrzeug. Als besonderen Gast konnten wir den stlv. Landesjugendwart Tobias Zelter in Pelm begr\u00fc\u00df\u00dfen. Tobias Zelter w\u00fcrdigte die Gute Arbeit der Jugendfeuerwehren im Landkreis Vulkaneifel. Alle Jugendlichen haben die Jugendflamme Stufe 1 &amp; 2 mit Erfolg bestanden. Herzlichen Gl\u00fcckwunsch.<\/p>\n<p>Ein besonderer Dank geht an das neue Team der Jugendfeuerwehr Pelm unter der Leitung von Jugendwartin Hanna Stump f\u00fcr die tolle Organisation und Unterst\u00fctzung.<\/p>\n<p>Vielen Dank.<\/p>\n<p><a href=\"https:\/\/jf-landkreis-vulkaneifel.de\/?page_id=1301\">[Bildergalerie]<\/a><\/p>\n<div id=\"attachment_1305\" style=\"width: 560px\" class=\"wp-caption alignnone\"><a href=\"https:\/\/jf-landkreis-vulkaneifel.de\/?page_id=1301\"><img loading=\"lazy\" decoding=\"async\" aria-describedby=\"caption-attachment-1305\" class=\"wp-image-1305 size-thumbnail\" src=\"https:\/\/jf-landkreis-vulkaneifel.de\/wp-content\/uploads\/2016\/06\/16-05-29-Jugendflamme-12-Pelm-021-550x367.jpg\" alt=\"Station Hydrantenschild bei der Jugendflamme 1 &amp; 2\" width=\"550\" height=\"367\" srcset=\"https:\/\/jf-landkreis-vulkaneifel.de\/wp-content\/uploads\/2016\/06\/16-05-29-Jugendflamme-12-Pelm-021-550x367.jpg 550w, https:\/\/jf-landkreis-vulkaneifel.de\/wp-content\/uploads\/2016\/06\/16-05-29-Jugendflamme-12-Pelm-021.jpg 1024w, https:\/\/jf-landkreis-vulkaneifel.de\/wp-content\/uploads\/2016\/06\/16-05-29-Jugendflamme-12-Pelm-021-768x512.jpg 768w, https:\/\/jf-landkreis-vulkaneifel.de\/wp-content\/uploads\/2016\/06\/16-05-29-Jugendflamme-12-Pelm-021-624x416.jpg 624w\" sizes=\"auto, (max-width: 550px) 100vw, 550px\" \/><\/a><p id=\"caption-attachment-1305\" class=\"wp-caption-text\">Station Hydrantenschild bei der Jugendflamme 1 &amp; 2<\/p><\/div>\n","protected":false},"excerpt":{"rendered":"<p>Pelm | Am Sonntag den 29.05.2016 fand in Pelm zum 20-j\u00e4hrigen bestehen der Jugendfeuerwehr die Abnahme der Jugendflamme Stufe 1 &amp; 2 satt. Bei tollem Wetter zeigten die Jugendlichen Ihr ganzes k\u00f6nnen und pr\u00e4sentierten an den verschiedenen Stationen was Sie bei der Jugendfeuerwehr bereits alles gelernt haben. Dazu z\u00e4hlen Aufgaben wie z.B. das Absetzen eines [&hellip;]<\/p>\n","protected":false},"author":5,"featured_media":1305,"comment_status":"closed","ping_status":"open","sticky":false,"template":"","format":"standard","meta":{"footnotes":""},"categories":[2],"tags":[],"class_list":["post-1299","post","type-post","status-publish","format-standard","has-post-thumbnail","hentry","category-aktuelles"],"_links":{"self":[{"href":"https:\/\/jf-landkreis-vulkaneifel.de\/index.php?rest_route=\/wp\/v2\/posts\/1299","targetHints":{"allow":["GET"]}}],"collection":[{"href":"https:\/\/jf-landkreis-vulkaneifel.de\/index.php?rest_route=\/wp\/v2\/posts"}],"about":[{"href":"https:\/\/jf-landkreis-vulkaneifel.de\/index.php?rest_route=\/wp\/v2\/types\/post"}],"author":[{"embeddable":true,"href":"https:\/\/jf-landkreis-vulkaneifel.de\/index.php?rest_route=\/wp\/v2\/users\/5"}],"replies":[{"embeddable":true,"href":"https:\/\/jf-landkreis-vulkaneifel.de\/index.php?rest_route=%2Fwp%2Fv2%2Fcomments&post=1299"}],"version-history":[{"count":3,"href":"https:\/\/jf-landkreis-vulkaneifel.de\/index.php?rest_route=\/wp\/v2\/posts\/1299\/revisions"}],"predecessor-version":[{"id":1325,"href":"https:\/\/jf-landkreis-vulkaneifel.de\/index.php?rest_route=\/wp\/v2\/posts\/1299\/revisions\/1325"}],"wp:featuredmedia":[{"embeddable":true,"href":"https:\/\/jf-landkreis-vulkaneifel.de\/index.php?rest_route=\/wp\/v2\/media\/1305"}],"wp:attachment":[{"href":"https:\/\/jf-landkreis-vulkaneifel.de\/index.php?rest_route=%2Fwp%2Fv2%2Fmedia&parent=1299"}],"wp:term":[{"taxonomy":"category","embeddable":true,"href":"https:\/\/jf-landkreis-vulkaneifel.de\/index.php?rest_route=%2Fwp%2Fv2%2Fcategories&post=1299"},{"taxonomy":"post_tag","embeddable":true,"href":"https:\/\/jf-landkreis-vulkaneifel.de\/index.php?rest_route=%2Fwp%2Fv2%2Ftags&post=1299"}],"curies":[{"name":"wp","href":"https:\/\/api.w.org\/{rel}","templated":true}]}}