{"id":1397,"date":"2016-09-11T15:23:36","date_gmt":"2016-09-11T13:23:36","guid":{"rendered":"http:\/\/jf-landkreis-vulkaneifel.de\/?p=1397"},"modified":"2016-09-11T15:23:36","modified_gmt":"2016-09-11T13:23:36","slug":"eine-hervorragende-leistung","status":"publish","type":"post","link":"https:\/\/jf-landkreis-vulkaneifel.de\/?p=1397","title":{"rendered":"\u201eEine hervorragende Leistung\u201c"},"content":{"rendered":"<p>Hillesheim | Feuerwehr und Jugendfeuerwehr pr\u00e4sentieren sich im Vulkaneifelkreis von Ihrer besten Seite. Am Wochenende, vom 03. Bis 04. September, fand in Hillesheim die Abnahme des Feuerwehrleistungsabzeichens sowie das \u201eSpiel ohne Grenzen\u201c der Jugendfeuerwehren des Landkreises Vulkaneifel statt.<\/p>\n<p><a href=\"https:\/\/jf-landkreis-vulkaneifel.de\/?page_id=1411\">[Bildergalerie Tag der Jugendfeuerwehren]<\/a><\/p>\n<div id=\"attachment_1402\" style=\"width: 560px\" class=\"wp-caption alignnone\"><a href=\"https:\/\/jf-landkreis-vulkaneifel.de\/?page_id=1411\"><img loading=\"lazy\" decoding=\"async\" aria-describedby=\"caption-attachment-1402\" class=\"wp-image-1402 size-thumbnail\" src=\"https:\/\/jf-landkreis-vulkaneifel.de\/wp-content\/uploads\/2016\/09\/16-09-04-Tag-der-JF-2016-Hillesheim-058-550x367.jpg\" alt=\"Spiel Balance-Bike\" width=\"550\" height=\"367\" srcset=\"https:\/\/jf-landkreis-vulkaneifel.de\/wp-content\/uploads\/2016\/09\/16-09-04-Tag-der-JF-2016-Hillesheim-058-550x367.jpg 550w, https:\/\/jf-landkreis-vulkaneifel.de\/wp-content\/uploads\/2016\/09\/16-09-04-Tag-der-JF-2016-Hillesheim-058.jpg 1024w, https:\/\/jf-landkreis-vulkaneifel.de\/wp-content\/uploads\/2016\/09\/16-09-04-Tag-der-JF-2016-Hillesheim-058-768x512.jpg 768w, https:\/\/jf-landkreis-vulkaneifel.de\/wp-content\/uploads\/2016\/09\/16-09-04-Tag-der-JF-2016-Hillesheim-058-624x416.jpg 624w\" sizes=\"auto, (max-width: 550px) 100vw, 550px\" \/><\/a><p id=\"caption-attachment-1402\" class=\"wp-caption-text\">Spiel Balance-Bike<\/p><\/div>\n<p><a href=\"https:\/\/jf-landkreis-vulkaneifel.de\/?page_id=1429&amp;preview=true\">[Bildergalerie Feuerwehrleistungsabzeichen]<\/a><\/p>\n<div id=\"attachment_1424\" style=\"width: 560px\" class=\"wp-caption alignnone\"><a href=\"https:\/\/jf-landkreis-vulkaneifel.de\/?page_id=1429&amp;preview=true\"><img loading=\"lazy\" decoding=\"async\" aria-describedby=\"caption-attachment-1424\" class=\"wp-image-1424 size-thumbnail\" src=\"https:\/\/jf-landkreis-vulkaneifel.de\/wp-content\/uploads\/2016\/09\/Feuerwehrleistungsabzeichen-2016-Hillesheim-073-550x367.jpg\" alt=\"Abnahme Feuerwehrleistungsabzeichen\" width=\"550\" height=\"367\" srcset=\"https:\/\/jf-landkreis-vulkaneifel.de\/wp-content\/uploads\/2016\/09\/Feuerwehrleistungsabzeichen-2016-Hillesheim-073-550x367.jpg 550w, https:\/\/jf-landkreis-vulkaneifel.de\/wp-content\/uploads\/2016\/09\/Feuerwehrleistungsabzeichen-2016-Hillesheim-073.jpg 1024w, https:\/\/jf-landkreis-vulkaneifel.de\/wp-content\/uploads\/2016\/09\/Feuerwehrleistungsabzeichen-2016-Hillesheim-073-768x512.jpg 768w, https:\/\/jf-landkreis-vulkaneifel.de\/wp-content\/uploads\/2016\/09\/Feuerwehrleistungsabzeichen-2016-Hillesheim-073-624x416.jpg 624w\" sizes=\"auto, (max-width: 550px) 100vw, 550px\" \/><\/a><p id=\"caption-attachment-1424\" class=\"wp-caption-text\">Abnahme Feuerwehrleistungsabzeichen<\/p><\/div>\n<p>Am Samstag wurde f\u00fcr die Kameraden der Freiwilligen Feuerwehren im Landkreis die Abnahme f\u00fcr das Leistungsabzeichen in den Stufen Bronze, Silber und Gold durchgef\u00fchrt. Hierbei konnten die Feuerwehrm\u00e4nner und \u2013Frauen ihr ganzes K\u00f6nnen unter Beweis stellen und in verschiedenen Einsatzsituationen zeigen, dass sich das intensive \u00dcben auszahlt und auch im Ernstfall jeder Handgriff sitzt. Insgesamt sind 10 Gruppen mit 58 Teilnehmern aus 10 unterschiedlichen Wehren erfolgreich angetreten. Jeweils drei Gruppen absolvierten die Leistungsstufen Bronze und Silber, sowie vier Gruppen die Leistungsstufe Gold. Ein ganz besonderer Gl\u00fcckwunsch geht hierbei an die Kameraden Arno Kl\u00e4s und Markus Dargel von der freiwilligen Feuerwehr Neroth, welche das Leistungsabzeichen der Stufe Gold zum 10. Mal erfolgreich absolvierten. Nachdem alle Wettk\u00e4mpfe absolviert waren und die Ergebnisse ausgewertet wurden, begl\u00fcckw\u00fcnschte der 1. Vorsitzende des Kreisfeuerwehrverbandes Vulkaneifel Udo Cornesse die Kameraden zur erfolgreich abgelegten Pr\u00fcfung und \u00fcbergab die Ehrungen.<br \/>\nAm Sonntag war dann der gro\u00dfe Tag der Jugendfeuerwehren. Die Jugendfeuerwehr Hillesheim hatte zum Anlass ihres 25- j\u00e4hrigem Bestehens die Jugendfeuerwehren des Landkreises Vulkaneifel nach Hillesheim eingeladen. Bei verschiedenen Wettk\u00e4mpfen und Spielen konnten die Jugendlichen Ihr ganzes K\u00f6nnen unter Beweis stellen und k\u00e4mpften um den Wanderpokal des Landkreises. Beim Go-Kart-Rennen, einem Hindernissparcour oder beim Papierfliegerweitwurf hatten die Jugendlichen jede Menge Spa\u00df und verbrachten einen hervorragenden Nachmittag in Hillesheim.<br \/>\nBei der anschlie\u00dfenden Siegerehrung \u00fcberreichte Landrat Heinz-Peter Thiel den Wanderpokal an den Sieger, die Jugendfeuerwehr Hillesheim. Platz 2 belegte die Jugendfeuerwehr P\u00fctzbachtal knapp vor der Jugendfeuerwehr Gemeinschaft G\u00f6nnersdorf-Lissendorf auf Platz 3\u00a0 Da die Jugendfeuerwehr Hillesheim den Pokal bereits zum 3. Mal in Folge gewonnen hat, d\u00fcrfen Sie den Pokal nun behalten. Gl\u00fcckwunsch an alle Jugendlichen.<br \/>\nWir fragen mal bei unserem Landrat Herrn Thiel nach, ob er eine Idee hat, wer einen neuen Wanderpokal sponsern k\u00f6nnte.<br \/>\nDie Pl\u00e4tze 1 und 2 vertreten unseren Landkreis dann am 18.09.2016 beim Wettkampf der Jugendfeuerwehren der Region Trier in Wittlich\/Wengerohr.<br \/>\nF\u00fcr das leibliche Wohl sorgte an diesem Wochenende die Jugendfeuerwehr Hillesheim zusammen mit den Kameraden der Freiwilligen Feuerwehr.<\/p>\n<p>Vielen Dank f\u00fcr das tolle Wochenende<br \/>\nEuer Team der Jugendfeuewehr Landkreis Vulkaneifel und<br \/>\ndes Kreisfeuerwehrverband Vulkaneifel<\/p>\n","protected":false},"excerpt":{"rendered":"<p>Hillesheim | Feuerwehr und Jugendfeuerwehr pr\u00e4sentieren sich im Vulkaneifelkreis von Ihrer besten Seite. Am Wochenende, vom 03. Bis 04. September, fand in Hillesheim die Abnahme des Feuerwehrleistungsabzeichens sowie das \u201eSpiel ohne Grenzen\u201c der Jugendfeuerwehren des Landkreises Vulkaneifel statt. [Bildergalerie Tag der Jugendfeuerwehren] [Bildergalerie Feuerwehrleistungsabzeichen] Am Samstag wurde f\u00fcr die Kameraden der Freiwilligen Feuerwehren im Landkreis [&hellip;]<\/p>\n","protected":false},"author":5,"featured_media":0,"comment_status":"closed","ping_status":"open","sticky":false,"template":"","format":"standard","meta":{"footnotes":""},"categories":[2],"tags":[],"class_list":["post-1397","post","type-post","status-publish","format-standard","hentry","category-aktuelles"],"_links":{"self":[{"href":"https:\/\/jf-landkreis-vulkaneifel.de\/index.php?rest_route=\/wp\/v2\/posts\/1397","targetHints":{"allow":["GET"]}}],"collection":[{"href":"https:\/\/jf-landkreis-vulkaneifel.de\/index.php?rest_route=\/wp\/v2\/posts"}],"about":[{"href":"https:\/\/jf-landkreis-vulkaneifel.de\/index.php?rest_route=\/wp\/v2\/types\/post"}],"author":[{"embeddable":true,"href":"https:\/\/jf-landkreis-vulkaneifel.de\/index.php?rest_route=\/wp\/v2\/users\/5"}],"replies":[{"embeddable":true,"href":"https:\/\/jf-landkreis-vulkaneifel.de\/index.php?rest_route=%2Fwp%2Fv2%2Fcomments&post=1397"}],"version-history":[{"count":5,"href":"https:\/\/jf-landkreis-vulkaneifel.de\/index.php?rest_route=\/wp\/v2\/posts\/1397\/revisions"}],"predecessor-version":[{"id":1432,"href":"https:\/\/jf-landkreis-vulkaneifel.de\/index.php?rest_route=\/wp\/v2\/posts\/1397\/revisions\/1432"}],"wp:attachment":[{"href":"https:\/\/jf-landkreis-vulkaneifel.de\/index.php?rest_route=%2Fwp%2Fv2%2Fmedia&parent=1397"}],"wp:term":[{"taxonomy":"category","embeddable":true,"href":"https:\/\/jf-landkreis-vulkaneifel.de\/index.php?rest_route=%2Fwp%2Fv2%2Fcategories&post=1397"},{"taxonomy":"post_tag","embeddable":true,"href":"https:\/\/jf-landkreis-vulkaneifel.de\/index.php?rest_route=%2Fwp%2Fv2%2Ftags&post=1397"}],"curies":[{"name":"wp","href":"https:\/\/api.w.org\/{rel}","templated":true}]}}