{"id":1439,"date":"2016-10-11T14:48:17","date_gmt":"2016-10-11T12:48:17","guid":{"rendered":"http:\/\/jf-landkreis-vulkaneifel.de\/?p=1439"},"modified":"2016-10-11T14:48:17","modified_gmt":"2016-10-11T12:48:17","slug":"jugendflamme-stufe-3-in-muerlenbach","status":"publish","type":"post","link":"https:\/\/jf-landkreis-vulkaneifel.de\/?p=1439","title":{"rendered":"Jugendflamme Stufe 3 in M\u00fcrlenbach"},"content":{"rendered":"<div id=\"attachment_1471\" style=\"width: 560px\" class=\"wp-caption alignnone\"><a href=\"https:\/\/jf-landkreis-vulkaneifel.de\/?page_id=1444\"><img loading=\"lazy\" decoding=\"async\" aria-describedby=\"caption-attachment-1471\" class=\"wp-image-1471 size-thumbnail\" src=\"https:\/\/jf-landkreis-vulkaneifel.de\/wp-content\/uploads\/2016\/10\/16-10-09-Jugendflamme-Stufe-3-Muerlenbach-12-550x367.jpg\" alt=\"1. Gruppen\u00fcbung - Jugendflamme Stufe 3 2016 in M\u00fcrlenbach\" width=\"550\" height=\"367\" srcset=\"https:\/\/jf-landkreis-vulkaneifel.de\/wp-content\/uploads\/2016\/10\/16-10-09-Jugendflamme-Stufe-3-Muerlenbach-12-550x367.jpg 550w, https:\/\/jf-landkreis-vulkaneifel.de\/wp-content\/uploads\/2016\/10\/16-10-09-Jugendflamme-Stufe-3-Muerlenbach-12.jpg 1024w, https:\/\/jf-landkreis-vulkaneifel.de\/wp-content\/uploads\/2016\/10\/16-10-09-Jugendflamme-Stufe-3-Muerlenbach-12-768x512.jpg 768w, https:\/\/jf-landkreis-vulkaneifel.de\/wp-content\/uploads\/2016\/10\/16-10-09-Jugendflamme-Stufe-3-Muerlenbach-12-624x416.jpg 624w\" sizes=\"auto, (max-width: 550px) 100vw, 550px\" \/><\/a><p id=\"caption-attachment-1471\" class=\"wp-caption-text\">1. Gruppen\u00fcbung &#8211; Jugendflamme Stufe 3 2016 in M\u00fcrlenbach<\/p><\/div>\n<p><a href=\"https:\/\/jf-landkreis-vulkaneifel.de\/?page_id=1444\">[Bildergalerie]<\/a><\/p>\n<p><span style=\"font-family: 'Arial','sans-serif';\"><span style=\"color: #000000; font-size: medium;\">M\u00fcrlenbach | Am Samstag den 09.10.2016 fand die Abnahme der Jugendflamme Stufe 3 f\u00fcr die Jugendfeuerwehren M\u00fcrlenbach, Densborn, Birresborn und Gerolstein statt. Die Jugendfeuerwehren hatten bereits im Laufe des Jahres die n\u00f6tigen Aufgaben und Projekte absolviert, die f\u00fcr die Jugendflamme der Stufe 3 ben\u00f6tigt werden. Um f\u00fcr die Abnahme zur Jugendflamme Stufe 3 zugelassen zu werden, m\u00fcssen die Jugendlichen verschiedene Projekte aus den Bereichen \u00d6kologie, Sozial und Kultur vorweisen.<\/span><\/span><\/p>\n<p><span style=\"font-family: 'Arial','sans-serif';\"><span style=\"color: #000000; font-size: medium;\">Bei den beiden Gruppen\u00fcbungen mit der Vorgabe \u201eWasserversorgung \u00fcber Graben\u201c und \u201eL\u00f6schangriff mit Schaumrohr\u201c zeigten die Jugendlichen dann ihr ganzes K\u00f6nnen aus dem Bereich der Feuerwehrtechnik.<\/span><\/span><\/p>\n<p><span style=\"font-family: 'Arial','sans-serif';\"><span style=\"color: #000000; font-size: medium;\">Alle Jugendlichen haben mit Erfolg und sehr guten Leistungen die Jugendflamme Stufe 3 absolviert und bestanden.<\/span><\/span><\/p>\n<p><span style=\"font-family: 'Arial','sans-serif';\"><span style=\"color: #000000; font-size: medium;\">Herzlichen Gl\u00fcckwunsch und Vielen Dank f\u00fcr die tollen Leistungen.<\/span><\/span><\/p>\n","protected":false},"excerpt":{"rendered":"<p>[Bildergalerie] M\u00fcrlenbach | Am Samstag den 09.10.2016 fand die Abnahme der Jugendflamme Stufe 3 f\u00fcr die Jugendfeuerwehren M\u00fcrlenbach, Densborn, Birresborn und Gerolstein statt. Die Jugendfeuerwehren hatten bereits im Laufe des Jahres die n\u00f6tigen Aufgaben und Projekte absolviert, die f\u00fcr die Jugendflamme der Stufe 3 ben\u00f6tigt werden. Um f\u00fcr die Abnahme zur Jugendflamme Stufe 3 zugelassen [&hellip;]<\/p>\n","protected":false},"author":5,"featured_media":0,"comment_status":"closed","ping_status":"open","sticky":false,"template":"","format":"standard","meta":{"footnotes":""},"categories":[2],"tags":[],"class_list":["post-1439","post","type-post","status-publish","format-standard","hentry","category-aktuelles"],"_links":{"self":[{"href":"https:\/\/jf-landkreis-vulkaneifel.de\/index.php?rest_route=\/wp\/v2\/posts\/1439","targetHints":{"allow":["GET"]}}],"collection":[{"href":"https:\/\/jf-landkreis-vulkaneifel.de\/index.php?rest_route=\/wp\/v2\/posts"}],"about":[{"href":"https:\/\/jf-landkreis-vulkaneifel.de\/index.php?rest_route=\/wp\/v2\/types\/post"}],"author":[{"embeddable":true,"href":"https:\/\/jf-landkreis-vulkaneifel.de\/index.php?rest_route=\/wp\/v2\/users\/5"}],"replies":[{"embeddable":true,"href":"https:\/\/jf-landkreis-vulkaneifel.de\/index.php?rest_route=%2Fwp%2Fv2%2Fcomments&post=1439"}],"version-history":[{"count":4,"href":"https:\/\/jf-landkreis-vulkaneifel.de\/index.php?rest_route=\/wp\/v2\/posts\/1439\/revisions"}],"predecessor-version":[{"id":1493,"href":"https:\/\/jf-landkreis-vulkaneifel.de\/index.php?rest_route=\/wp\/v2\/posts\/1439\/revisions\/1493"}],"wp:attachment":[{"href":"https:\/\/jf-landkreis-vulkaneifel.de\/index.php?rest_route=%2Fwp%2Fv2%2Fmedia&parent=1439"}],"wp:term":[{"taxonomy":"category","embeddable":true,"href":"https:\/\/jf-landkreis-vulkaneifel.de\/index.php?rest_route=%2Fwp%2Fv2%2Fcategories&post=1439"},{"taxonomy":"post_tag","embeddable":true,"href":"https:\/\/jf-landkreis-vulkaneifel.de\/index.php?rest_route=%2Fwp%2Fv2%2Ftags&post=1439"}],"curies":[{"name":"wp","href":"https:\/\/api.w.org\/{rel}","templated":true}]}}