{"id":1563,"date":"2017-04-07T19:00:27","date_gmt":"2017-04-07T17:00:27","guid":{"rendered":"http:\/\/jf-landkreis-vulkaneifel.de\/?p=1563"},"modified":"2025-06-16T22:04:36","modified_gmt":"2025-06-16T20:04:36","slug":"ohne-uns-wirds-brenzlig","status":"publish","type":"post","link":"https:\/\/jf-landkreis-vulkaneifel.de\/?p=1563","title":{"rendered":"\u201eOhne uns wird\u2018s brenzlig!\u201c"},"content":{"rendered":"<p><span style=\"font-size: large;\"><b>&#8211; Die Jugendfeuerwehr Landkreis Vulkaneifel zeigt wie es geht! &#8211;<\/b><\/span><\/p>\n<p><span style=\"font-size: small;\">Daun 07.04.2017 | Tolle Neuigkeiten kann die Jugendfeuerwehr im Landkreis Vulkaneifel f\u00fcr das Jahr 2017 vermelden. Wir haben Zuwachs bekommen! Jede Hilfsorganisation muss sich der Tatsache stellen, das die Mitgliederzahlen stetig sinken. Umso erfreulicher ist es, dass die Jugendfeuerwehren im Landkreis Vulkaneifel einen Zuwachs von +30 Jugendlichen verzeichnen k\u00f6nnen und so die Mitgliederzahl auf insgesamt 546 M\u00e4dchen und Jungen gestiegen ist.<\/span><\/p>\n<div id=\"attachment_699\" style=\"width: 560px\" class=\"wp-caption alignnone\"><a href=\"https:\/\/jf-landkreis-vulkaneifel.de\/wp-content\/uploads\/2014\/10\/14-10-19-Jugendflamme-Stufe-3-Muerlenbach-2.jpg\"><img loading=\"lazy\" decoding=\"async\" aria-describedby=\"caption-attachment-699\" class=\"size-thumbnail wp-image-699\" src=\"https:\/\/jf-landkreis-vulkaneifel.de\/wp-content\/uploads\/2014\/10\/14-10-19-Jugendflamme-Stufe-3-Muerlenbach-2-550x366.jpg\" alt=\"Jugendliche in Jugendfeuerwehruniform\" width=\"550\" height=\"366\" srcset=\"https:\/\/jf-landkreis-vulkaneifel.de\/wp-content\/uploads\/2014\/10\/14-10-19-Jugendflamme-Stufe-3-Muerlenbach-2-550x366.jpg 550w, https:\/\/jf-landkreis-vulkaneifel.de\/wp-content\/uploads\/2014\/10\/14-10-19-Jugendflamme-Stufe-3-Muerlenbach-2-624x416.jpg 624w, https:\/\/jf-landkreis-vulkaneifel.de\/wp-content\/uploads\/2014\/10\/14-10-19-Jugendflamme-Stufe-3-Muerlenbach-2.jpg 1024w\" sizes=\"auto, (max-width: 550px) 100vw, 550px\" \/><\/a><p id=\"caption-attachment-699\" class=\"wp-caption-text\">Jugendliche in Jugendfeuerwehruniform<\/p><\/div>\n<p><span style=\"font-size: small;\">Den Grund f\u00fcr diesen positiven Anstieg sieht Kreisjugendfeuerwehrwart Harald Schmitz in der sehr guten Jugendarbeit, die in unseren Jugendfeuerwehren im ganzen Landkreis geleistet wird. Einen gro\u00dfen Anteil an dieser Entwicklung k\u00f6nnen wir auch darauf zur\u00fcck f\u00fchren, dass sich immer mehr Jugendfeuerwehren zu so genannten \u201e\u00dcbungs- und Spielgemeinschaften\u201c zusammenschlie\u00dfen. Die Jugendfeuerwehren im Landkreis Vulkaneifel zeigen wie die Zukunft der Feuerwehren im Land aussehen k\u00f6nnte! Nur gemeinsam sind wir stark und es macht definitiv mehr Spa\u00df mit 15- 20 Jugendlichen zu \u00fcben, anstatt sich alle 2 Wochen nur mit 4-5 Jugendlichen zu treffen.<\/span><\/p>\n<p><span style=\"font-size: small;\">Des weiteren kann die Jugendfeuerwehr im Landkreis Vulkaneifel auf 2 erfolgreiche Jahre 2015 und 2016 zur\u00fcckblicken. Unsere Kreisveranstaltungen, wie z.B. das V\u00f6lkerballturnier oder der Wandertag werden von den Jugendlichen sehr gut angenommen, ebenso wie unser \u201eTag der Jugendfeuerwehren\u201c Anfang September. Zus\u00e4tzlich zu diesen Veranstaltung, konnte die Jugendfeuerwehr Landkreis Vulkaneifel Anfang 2016 das Spielmobil, die H\u00fcpfburg und die Saftbar des Landkreises \u00fcbernehmen. Das Spielmobil wird von den Jugendfeuerwehren, aber auch von allen anderen Vereinen und Verb\u00e4nden im Landkreis sehr gut angenommen und ist st\u00e4ndig unterwegs.<\/span><\/p>\n<p><span style=\"font-size: small;\">Diesen Erfolgskurs wollen wir auch in Zukunft fortf\u00fchren, denn <b>\u201eohne uns, wird\u2018s brenzlig!\u201c<\/b><\/span><\/p>\n<p><a href=\"https:\/\/jf-landkreis-vulkaneifel.de\/wp-content\/uploads\/2013\/03\/ohneuns.jpg\"><img loading=\"lazy\" decoding=\"async\" class=\"alignnone size-thumbnail wp-image-67\" src=\"https:\/\/jf-landkreis-vulkaneifel.de\/wp-content\/uploads\/2013\/03\/ohneuns-150x150.jpg\" alt=\"Logo: Ohne uns wird's brenzlig\" width=\"150\" height=\"150\" srcset=\"https:\/\/jf-landkreis-vulkaneifel.de\/wp-content\/uploads\/2013\/03\/ohneuns-150x150.jpg 150w, https:\/\/jf-landkreis-vulkaneifel.de\/wp-content\/uploads\/2013\/03\/ohneuns.jpg 200w\" sizes=\"auto, (max-width: 150px) 100vw, 150px\" \/><\/a><\/p>\n<p>Eure Jugendfeuerwehr<\/p>\n","protected":false},"excerpt":{"rendered":"<p>&#8211; Die Jugendfeuerwehr Landkreis Vulkaneifel zeigt wie es geht! &#8211; Daun 07.04.2017 | Tolle Neuigkeiten kann die Jugendfeuerwehr im Landkreis Vulkaneifel f\u00fcr das Jahr 2017 vermelden. Wir haben Zuwachs bekommen! Jede Hilfsorganisation muss sich der Tatsache stellen, das die Mitgliederzahlen stetig sinken. Umso erfreulicher ist es, dass die Jugendfeuerwehren im Landkreis Vulkaneifel einen Zuwachs von [&hellip;]<\/p>\n","protected":false},"author":5,"featured_media":0,"comment_status":"closed","ping_status":"open","sticky":false,"template":"","format":"standard","meta":{"footnotes":""},"categories":[2],"tags":[],"class_list":["post-1563","post","type-post","status-publish","format-standard","hentry","category-aktuelles"],"_links":{"self":[{"href":"https:\/\/jf-landkreis-vulkaneifel.de\/index.php?rest_route=\/wp\/v2\/posts\/1563","targetHints":{"allow":["GET"]}}],"collection":[{"href":"https:\/\/jf-landkreis-vulkaneifel.de\/index.php?rest_route=\/wp\/v2\/posts"}],"about":[{"href":"https:\/\/jf-landkreis-vulkaneifel.de\/index.php?rest_route=\/wp\/v2\/types\/post"}],"author":[{"embeddable":true,"href":"https:\/\/jf-landkreis-vulkaneifel.de\/index.php?rest_route=\/wp\/v2\/users\/5"}],"replies":[{"embeddable":true,"href":"https:\/\/jf-landkreis-vulkaneifel.de\/index.php?rest_route=%2Fwp%2Fv2%2Fcomments&post=1563"}],"version-history":[{"count":6,"href":"https:\/\/jf-landkreis-vulkaneifel.de\/index.php?rest_route=\/wp\/v2\/posts\/1563\/revisions"}],"predecessor-version":[{"id":2306,"href":"https:\/\/jf-landkreis-vulkaneifel.de\/index.php?rest_route=\/wp\/v2\/posts\/1563\/revisions\/2306"}],"wp:attachment":[{"href":"https:\/\/jf-landkreis-vulkaneifel.de\/index.php?rest_route=%2Fwp%2Fv2%2Fmedia&parent=1563"}],"wp:term":[{"taxonomy":"category","embeddable":true,"href":"https:\/\/jf-landkreis-vulkaneifel.de\/index.php?rest_route=%2Fwp%2Fv2%2Fcategories&post=1563"},{"taxonomy":"post_tag","embeddable":true,"href":"https:\/\/jf-landkreis-vulkaneifel.de\/index.php?rest_route=%2Fwp%2Fv2%2Ftags&post=1563"}],"curies":[{"name":"wp","href":"https:\/\/api.w.org\/{rel}","templated":true}]}}