{"id":1620,"date":"2017-06-05T14:00:02","date_gmt":"2017-06-05T12:00:02","guid":{"rendered":"http:\/\/jf-landkreis-vulkaneifel.de\/?p=1620"},"modified":"2017-05-31T21:46:00","modified_gmt":"2017-05-31T19:46:00","slug":"200-jahre-landkreis-vulkaneifel-wandertag-der-jugendfeuerwehren-2017","status":"publish","type":"post","link":"https:\/\/jf-landkreis-vulkaneifel.de\/?p=1620","title":{"rendered":"200 Jahre Landkreis Vulkaneifel &#8211; Wandertag der Jugendfeuerwehren 2017"},"content":{"rendered":"<div id=\"attachment_1622\" style=\"width: 133px\" class=\"wp-caption alignright\"><a href=\"http:\/\/www.vulkaneifel.de\/aktuelles\/200jahrfeier\/programm\/wandertag-der-jugendfeuerwehren-im-landkreis.html?layout=session\"><img loading=\"lazy\" decoding=\"async\" aria-describedby=\"caption-attachment-1622\" class=\"wp-image-1622\" src=\"https:\/\/jf-landkreis-vulkaneifel.de\/wp-content\/uploads\/2017\/05\/LOGO_200_Jahre-453x550.jpg\" alt=\"Logo 200 Jahre Landkreis Vulkaneifel\" width=\"123\" height=\"149\" srcset=\"https:\/\/jf-landkreis-vulkaneifel.de\/wp-content\/uploads\/2017\/05\/LOGO_200_Jahre-453x550.jpg 453w, https:\/\/jf-landkreis-vulkaneifel.de\/wp-content\/uploads\/2017\/05\/LOGO_200_Jahre-844x1024.jpg 844w, https:\/\/jf-landkreis-vulkaneifel.de\/wp-content\/uploads\/2017\/05\/LOGO_200_Jahre-768x932.jpg 768w, https:\/\/jf-landkreis-vulkaneifel.de\/wp-content\/uploads\/2017\/05\/LOGO_200_Jahre-1055x1280.jpg 1055w, https:\/\/jf-landkreis-vulkaneifel.de\/wp-content\/uploads\/2017\/05\/LOGO_200_Jahre-624x757.jpg 624w, https:\/\/jf-landkreis-vulkaneifel.de\/wp-content\/uploads\/2017\/05\/LOGO_200_Jahre.jpg 1676w\" sizes=\"auto, (max-width: 123px) 100vw, 123px\" \/><\/a><p id=\"caption-attachment-1622\" class=\"wp-caption-text\">Logo 200 Jahre Landkreis Vulkaneifel<\/p><\/div>\n<p><strong>Waldk\u00f6nigen 25.06.2017<\/strong> | Der Landkreis Vulkaneifel wird 200 Jahre und die Jugendfeuerwehren im Landkreis pr\u00e4sentieren sich am So. den <strong>25.06.2017<\/strong> mit Ihrem <strong>Wandertag in Waldk\u00f6nigen<\/strong>!<\/p>\n<p><a href=\"http:\/\/www.vulkaneifel.de\/images\/beitraege\/200jahre\/Wanderung_Jugendfeuerwehr.pdf\">[Flyer Wandertag 2017]<\/a><\/p>\n<p><a href=\"http:\/\/www.vulkaneifel.de\/aktuelles\/200jahrfeier\/programm\/wandertag-der-jugendfeuerwehren-im-landkreis.html?layout=session\">[Homepage Landkreis Vulkaneifel]<\/a><\/p>\n<p>Begleiten Sie die Jugendfeuerwehren bei ihrer Sternwanderung nach Waldk\u00f6nigen und lassen Sie den Nachmittag bei einem abwechslungsreichen Programm der Jugendfeuerwehren ausklingen.<\/p>\n<div id=\"attachment_699\" style=\"width: 617px\" class=\"wp-caption alignleft\"><a href=\"https:\/\/jf-landkreis-vulkaneifel.de\/wp-content\/uploads\/2014\/10\/14-10-19-Jugendflamme-Stufe-3-Muerlenbach-2.jpg\"><img loading=\"lazy\" decoding=\"async\" aria-describedby=\"caption-attachment-699\" class=\"wp-image-699\" src=\"https:\/\/jf-landkreis-vulkaneifel.de\/wp-content\/uploads\/2014\/10\/14-10-19-Jugendflamme-Stufe-3-Muerlenbach-2.jpg\" alt=\"Jugendliche in Jugendfeuerwehruniform\" width=\"607\" height=\"404\" srcset=\"https:\/\/jf-landkreis-vulkaneifel.de\/wp-content\/uploads\/2014\/10\/14-10-19-Jugendflamme-Stufe-3-Muerlenbach-2.jpg 1024w, https:\/\/jf-landkreis-vulkaneifel.de\/wp-content\/uploads\/2014\/10\/14-10-19-Jugendflamme-Stufe-3-Muerlenbach-2-550x366.jpg 550w, https:\/\/jf-landkreis-vulkaneifel.de\/wp-content\/uploads\/2014\/10\/14-10-19-Jugendflamme-Stufe-3-Muerlenbach-2-624x416.jpg 624w\" sizes=\"auto, (max-width: 607px) 100vw, 607px\" \/><\/a><p id=\"caption-attachment-699\" class=\"wp-caption-text\">Jugendliche in Jugendfeuerwehruniform<\/p><\/div>\n<div class=\"mceTemp\"><\/div>\n<p>Die Jugendfeuerwehren und -hilfsorganisationen wandern eine Strecke von mindestens zehn Kilometern zum Feuerwehrhaus in Waldk\u00f6nigen. Auch Externe d\u00fcrfen mitwandern. Die Strecke legt die jeweilige Jugendfeuerwehr\/-hilfsorganisation selber fest. Bei Bedarf kann eine Wanderkarte bei der \u00f6rtlichen Jugendfeuerwehr angefordert werden.<\/p>\n<p>Der Wandertag beginnt um 9.00 Uhr. Zwischen 12.00 und 13.00 Uhr treffen sich die Wanderer zum gemeinsamen Mittagessen in Waldk\u00f6nigen. Danach werden Spiele und Wettbewerbe durchgef\u00fchrt.Die daraus resultuierden Siegerehrung findet gegen 16.30 Uhr statt. Der R\u00fcckransport der Wanderer mit Bussen beginnt um 17.00 Uhr.<\/p>\n<p>Die Teilnahme an der Wanderung, die Bewirtung und die Busfahrt sind kostenfrei.<\/p>\n<p>Anmeldung bei der \u00f6rtlichen Jugendfeuerwehr oder unter<\/p>\n<p>kjfw(at)jf-lk-vulkaneifel(dot)de<\/p>\n<p>Bitte angeben, ob ein Sitzplatz im Bus reserviert werden soll. Wird ein Platz nach Anmeldung nicht genutzt, wird ein Kostenbeitrag von 5 Euro erhoben.<\/p>\n","protected":false},"excerpt":{"rendered":"<p>Waldk\u00f6nigen 25.06.2017 | Der Landkreis Vulkaneifel wird 200 Jahre und die Jugendfeuerwehren im Landkreis pr\u00e4sentieren sich am So. den 25.06.2017 mit Ihrem Wandertag in Waldk\u00f6nigen! [Flyer Wandertag 2017] [Homepage Landkreis Vulkaneifel] Begleiten Sie die Jugendfeuerwehren bei ihrer Sternwanderung nach Waldk\u00f6nigen und lassen Sie den Nachmittag bei einem abwechslungsreichen Programm der Jugendfeuerwehren ausklingen. Die Jugendfeuerwehren und [&hellip;]<\/p>\n","protected":false},"author":5,"featured_media":699,"comment_status":"closed","ping_status":"open","sticky":false,"template":"","format":"standard","meta":{"footnotes":""},"categories":[2],"tags":[],"class_list":["post-1620","post","type-post","status-publish","format-standard","has-post-thumbnail","hentry","category-aktuelles"],"_links":{"self":[{"href":"https:\/\/jf-landkreis-vulkaneifel.de\/index.php?rest_route=\/wp\/v2\/posts\/1620","targetHints":{"allow":["GET"]}}],"collection":[{"href":"https:\/\/jf-landkreis-vulkaneifel.de\/index.php?rest_route=\/wp\/v2\/posts"}],"about":[{"href":"https:\/\/jf-landkreis-vulkaneifel.de\/index.php?rest_route=\/wp\/v2\/types\/post"}],"author":[{"embeddable":true,"href":"https:\/\/jf-landkreis-vulkaneifel.de\/index.php?rest_route=\/wp\/v2\/users\/5"}],"replies":[{"embeddable":true,"href":"https:\/\/jf-landkreis-vulkaneifel.de\/index.php?rest_route=%2Fwp%2Fv2%2Fcomments&post=1620"}],"version-history":[{"count":9,"href":"https:\/\/jf-landkreis-vulkaneifel.de\/index.php?rest_route=\/wp\/v2\/posts\/1620\/revisions"}],"predecessor-version":[{"id":1630,"href":"https:\/\/jf-landkreis-vulkaneifel.de\/index.php?rest_route=\/wp\/v2\/posts\/1620\/revisions\/1630"}],"wp:featuredmedia":[{"embeddable":true,"href":"https:\/\/jf-landkreis-vulkaneifel.de\/index.php?rest_route=\/wp\/v2\/media\/699"}],"wp:attachment":[{"href":"https:\/\/jf-landkreis-vulkaneifel.de\/index.php?rest_route=%2Fwp%2Fv2%2Fmedia&parent=1620"}],"wp:term":[{"taxonomy":"category","embeddable":true,"href":"https:\/\/jf-landkreis-vulkaneifel.de\/index.php?rest_route=%2Fwp%2Fv2%2Fcategories&post=1620"},{"taxonomy":"post_tag","embeddable":true,"href":"https:\/\/jf-landkreis-vulkaneifel.de\/index.php?rest_route=%2Fwp%2Fv2%2Ftags&post=1620"}],"curies":[{"name":"wp","href":"https:\/\/api.w.org\/{rel}","templated":true}]}}