{"id":1649,"date":"2017-06-11T18:00:24","date_gmt":"2017-06-11T16:00:24","guid":{"rendered":"http:\/\/jf-landkreis-vulkaneifel.de\/?p=1649"},"modified":"2017-06-09T18:13:11","modified_gmt":"2017-06-09T16:13:11","slug":"gruendung-der-jugendfeuerwehr-niederehe-willkommen-im-club","status":"publish","type":"post","link":"https:\/\/jf-landkreis-vulkaneifel.de\/?p=1649","title":{"rendered":"Gr\u00fcndung der Jugendfeuerwehr Niederehe &#8211; Willkommen im Club!"},"content":{"rendered":"<p><strong>Gr\u00fcndung der Jugendfeuerwehr Niederehe<\/strong><br \/>\nWillkommen im Club, jetzt sind wir <em><strong>42 Jugendfeuerwehren<\/strong><\/em> im Landkreis Vulkaneifel!<\/p>\n<div id=\"attachment_1644\" style=\"width: 1034px\" class=\"wp-caption alignleft\"><a href=\"https:\/\/jf-landkreis-vulkaneifel.de\/?page_id=1652&amp;preview=true\"><img loading=\"lazy\" decoding=\"async\" aria-describedby=\"caption-attachment-1644\" class=\"wp-image-1644 size-full\" src=\"https:\/\/jf-landkreis-vulkaneifel.de\/wp-content\/uploads\/2017\/06\/17-06-02-Gruendung-JF-Niederehe-012.jpg\" alt=\"Jugendfeuerwehr NIederehe mit Wehrleitung und B\u00fcrgermeisterin Heike Bohn\" width=\"1024\" height=\"683\" srcset=\"https:\/\/jf-landkreis-vulkaneifel.de\/wp-content\/uploads\/2017\/06\/17-06-02-Gruendung-JF-Niederehe-012.jpg 1024w, https:\/\/jf-landkreis-vulkaneifel.de\/wp-content\/uploads\/2017\/06\/17-06-02-Gruendung-JF-Niederehe-012-550x367.jpg 550w, https:\/\/jf-landkreis-vulkaneifel.de\/wp-content\/uploads\/2017\/06\/17-06-02-Gruendung-JF-Niederehe-012-768x512.jpg 768w, https:\/\/jf-landkreis-vulkaneifel.de\/wp-content\/uploads\/2017\/06\/17-06-02-Gruendung-JF-Niederehe-012-624x416.jpg 624w\" sizes=\"auto, (max-width: 1024px) 100vw, 1024px\" \/><\/a><p id=\"caption-attachment-1644\" class=\"wp-caption-text\">Jugendfeuerwehr NIederehe mit Wehrleitung und B\u00fcrgermeisterin Heike Bohn<\/p><\/div>\n<p><a href=\"https:\/\/jf-landkreis-vulkaneifel.de\/?page_id=1652&amp;preview=true\">[Bildergalerie]<\/a><\/p>\n<p>Niederehe 02.06.2017 | Am Freitag den 02.06.2017 war ein guter Tag f\u00fcr dieJugendfeuerwehren im Landkreisvulkaneifel. Die Feuerwehr Niederehe hat sich dazu entschlossen gemeinsam mit den 11 Jugendlichen aus Niederehe eine Jugendfeuerwehr zu gr\u00fcnden. Zur Gr\u00fcndungsveranstaltung nach Niederehe kamen neben den Jugendlichen und der Feuerwehr Niederehe auch zahlreiche G\u00e4ste. Das Feuerwehrhaus war gut gef\u00fcllt und so konnte die Gr\u00fcndungsveranstaltung beginnen. Die Veranstaltung wurde von Wehrf\u00fchrer Dieter Schmitz geleitet und von B\u00fcrgermeisterin Bohn sowie Wehrleiter Wolfgang rechs beaufsichtigt. Die Insgesamt 11 Jugendlichen stimmten der vorliegenden Jugendordung einstimmig zu und konnten so einen Jugendwart mit Stellvertreter w\u00e4hlen.<\/p>\n<p>Als Jugendwartin der Jugendfeuerwehr Niederehe wurde einstimmig Euphemia Schmitz gew\u00e4hlt, ebenso einstimmig w\u00e4hlten die Jugendlichen Uwe Lauer zum stlv. Jugendwart.<\/p>\n<p>Als Geschenke zur Gr\u00fcndung der Jugendfeuerwehr gab es von B\u00fcrgermeister Alois Reinarz sowie von Kreisjugendwart Harald Schmitz und dem Vorsitzenden des Kreisfeuerwehrverbandes Udo Cornesse 2 Spielesammlung.<\/p>\n<p>Zum Abschluss gab es dann Pizza f\u00fcr alle!!!<\/p>\n<p>Herzlichen Gl\u00fcckwunsch zur Gr\u00fcndung der Jugendfeuerwehr NIederehe und viel Erfolg f\u00fcr die Zukunft.<\/p>\n<p>Wir freuen uns darauf euch auf unseren Kreisveranstaltungen begr\u00fc\u00dfen zu d\u00fcrfen!<\/p>\n<p>Eure Jugendfeuerwehr<\/p>\n","protected":false},"excerpt":{"rendered":"<p>Gr\u00fcndung der Jugendfeuerwehr Niederehe Willkommen im Club, jetzt sind wir 42 Jugendfeuerwehren im Landkreis Vulkaneifel! [Bildergalerie] Niederehe 02.06.2017 | Am Freitag den 02.06.2017 war ein guter Tag f\u00fcr dieJugendfeuerwehren im Landkreisvulkaneifel. Die Feuerwehr Niederehe hat sich dazu entschlossen gemeinsam mit den 11 Jugendlichen aus Niederehe eine Jugendfeuerwehr zu gr\u00fcnden. Zur Gr\u00fcndungsveranstaltung nach Niederehe kamen neben [&hellip;]<\/p>\n","protected":false},"author":5,"featured_media":0,"comment_status":"closed","ping_status":"open","sticky":false,"template":"","format":"standard","meta":{"footnotes":""},"categories":[2],"tags":[],"class_list":["post-1649","post","type-post","status-publish","format-standard","hentry","category-aktuelles"],"_links":{"self":[{"href":"https:\/\/jf-landkreis-vulkaneifel.de\/index.php?rest_route=\/wp\/v2\/posts\/1649","targetHints":{"allow":["GET"]}}],"collection":[{"href":"https:\/\/jf-landkreis-vulkaneifel.de\/index.php?rest_route=\/wp\/v2\/posts"}],"about":[{"href":"https:\/\/jf-landkreis-vulkaneifel.de\/index.php?rest_route=\/wp\/v2\/types\/post"}],"author":[{"embeddable":true,"href":"https:\/\/jf-landkreis-vulkaneifel.de\/index.php?rest_route=\/wp\/v2\/users\/5"}],"replies":[{"embeddable":true,"href":"https:\/\/jf-landkreis-vulkaneifel.de\/index.php?rest_route=%2Fwp%2Fv2%2Fcomments&post=1649"}],"version-history":[{"count":5,"href":"https:\/\/jf-landkreis-vulkaneifel.de\/index.php?rest_route=\/wp\/v2\/posts\/1649\/revisions"}],"predecessor-version":[{"id":1661,"href":"https:\/\/jf-landkreis-vulkaneifel.de\/index.php?rest_route=\/wp\/v2\/posts\/1649\/revisions\/1661"}],"wp:attachment":[{"href":"https:\/\/jf-landkreis-vulkaneifel.de\/index.php?rest_route=%2Fwp%2Fv2%2Fmedia&parent=1649"}],"wp:term":[{"taxonomy":"category","embeddable":true,"href":"https:\/\/jf-landkreis-vulkaneifel.de\/index.php?rest_route=%2Fwp%2Fv2%2Fcategories&post=1649"},{"taxonomy":"post_tag","embeddable":true,"href":"https:\/\/jf-landkreis-vulkaneifel.de\/index.php?rest_route=%2Fwp%2Fv2%2Ftags&post=1649"}],"curies":[{"name":"wp","href":"https:\/\/api.w.org\/{rel}","templated":true}]}}