{"id":1689,"date":"2018-02-25T21:25:07","date_gmt":"2018-02-25T19:25:07","guid":{"rendered":"http:\/\/jf-landkreis-vulkaneifel.de\/?p=1689"},"modified":"2018-02-25T21:36:32","modified_gmt":"2018-02-25T19:36:32","slug":"voelkerballturnier-2018","status":"publish","type":"post","link":"https:\/\/jf-landkreis-vulkaneifel.de\/?p=1689","title":{"rendered":"V\u00f6lkerballturnier 2018"},"content":{"rendered":"<p>Daun | Am Sa. den 24.02.2018 war es wieder mal soweit. Die Jugendfeuerwehren des Landkreises Vulkaneifel trafen sich zum j\u00e4hrlichen V\u00f6lkerballturnier in Daun.<\/p>\n<div id=\"attachment_1707\" style=\"width: 1034px\" class=\"wp-caption alignleft\"><a href=\"https:\/\/jf-landkreis-vulkaneifel.de\/?page_id=1733\"><img loading=\"lazy\" decoding=\"async\" aria-describedby=\"caption-attachment-1707\" class=\"wp-image-1707 size-full\" src=\"https:\/\/jf-landkreis-vulkaneifel.de\/wp-content\/uploads\/2018\/02\/Voelkerballturnier-JF-LK-Vulkaneifel-2018-Daun-Waldkoenigen111.jpg\" alt=\"Voelkerballturnier 2018 Daun\" width=\"1024\" height=\"684\" srcset=\"https:\/\/jf-landkreis-vulkaneifel.de\/wp-content\/uploads\/2018\/02\/Voelkerballturnier-JF-LK-Vulkaneifel-2018-Daun-Waldkoenigen111.jpg 1024w, https:\/\/jf-landkreis-vulkaneifel.de\/wp-content\/uploads\/2018\/02\/Voelkerballturnier-JF-LK-Vulkaneifel-2018-Daun-Waldkoenigen111-550x367.jpg 550w, https:\/\/jf-landkreis-vulkaneifel.de\/wp-content\/uploads\/2018\/02\/Voelkerballturnier-JF-LK-Vulkaneifel-2018-Daun-Waldkoenigen111-768x513.jpg 768w, https:\/\/jf-landkreis-vulkaneifel.de\/wp-content\/uploads\/2018\/02\/Voelkerballturnier-JF-LK-Vulkaneifel-2018-Daun-Waldkoenigen111-624x417.jpg 624w\" sizes=\"auto, (max-width: 1024px) 100vw, 1024px\" \/><\/a><p id=\"caption-attachment-1707\" class=\"wp-caption-text\">Voelkerballturnier 2018 Daun<\/p><\/div>\n<p><a href=\"https:\/\/jf-landkreis-vulkaneifel.de\/?page_id=1733\">[Bildergalerie]<\/a><\/p>\n<p>Die insgesamt 22 Mannschaften aus 26 Jugendfeuerwehren zeigten Ihr ganzes K\u00f6nnen auf dem Spielfeld. In vielen Spannenden Begegnungen konnten sich zum Schluss die Teams der Spielgemeinschaft Alfbachtal, Kalenborn, B\u00fcscheich\/Demerath\/Gerolstein und Kelberg durchsetzen. Den 3. Platz sicherte sich die Jugendfeuerwehr aus Kalenborn, der 4. Platz ging an die Spielgemeinschaft bestehend aus den Jugendfeuerwehren B\u00fcscheich, Demerath und Gerolstein.<\/p>\n<p>In einem hei\u00df umk\u00e4mpften Finale ging die Jugendfeuerwehr Kelberg als Sieger vom Platz. Der 2. Platz ging an die Speilgemeinschaft Alfbachtal, bestehend aus den Jugendfeuerwehren Udler, Gillenfeld, Ellscheid und Strotzb\u00fcsch. Gratulation an alle Jugendfeuerwehren f\u00fcr ein erfolgreiches, spannendes und tolles Turnier. F\u00fcr das Leibliche Wohl sorgte in diesem Jahr die Jugendfeuerwehr aus Waldk\u00f6nigen.<\/p>\n<p>Danke an alle Helfer, Spieler und Unterst\u00fctzer der Jugendfeuerwehr.<\/p>\n","protected":false},"excerpt":{"rendered":"<p>Daun | Am Sa. den 24.02.2018 war es wieder mal soweit. Die Jugendfeuerwehren des Landkreises Vulkaneifel trafen sich zum j\u00e4hrlichen V\u00f6lkerballturnier in Daun. [Bildergalerie] Die insgesamt 22 Mannschaften aus 26 Jugendfeuerwehren zeigten Ihr ganzes K\u00f6nnen auf dem Spielfeld. In vielen Spannenden Begegnungen konnten sich zum Schluss die Teams der Spielgemeinschaft Alfbachtal, Kalenborn, B\u00fcscheich\/Demerath\/Gerolstein und Kelberg [&hellip;]<\/p>\n","protected":false},"author":5,"featured_media":0,"comment_status":"closed","ping_status":"open","sticky":false,"template":"","format":"standard","meta":{"footnotes":""},"categories":[2],"tags":[],"class_list":["post-1689","post","type-post","status-publish","format-standard","hentry","category-aktuelles"],"_links":{"self":[{"href":"https:\/\/jf-landkreis-vulkaneifel.de\/index.php?rest_route=\/wp\/v2\/posts\/1689","targetHints":{"allow":["GET"]}}],"collection":[{"href":"https:\/\/jf-landkreis-vulkaneifel.de\/index.php?rest_route=\/wp\/v2\/posts"}],"about":[{"href":"https:\/\/jf-landkreis-vulkaneifel.de\/index.php?rest_route=\/wp\/v2\/types\/post"}],"author":[{"embeddable":true,"href":"https:\/\/jf-landkreis-vulkaneifel.de\/index.php?rest_route=\/wp\/v2\/users\/5"}],"replies":[{"embeddable":true,"href":"https:\/\/jf-landkreis-vulkaneifel.de\/index.php?rest_route=%2Fwp%2Fv2%2Fcomments&post=1689"}],"version-history":[{"count":5,"href":"https:\/\/jf-landkreis-vulkaneifel.de\/index.php?rest_route=\/wp\/v2\/posts\/1689\/revisions"}],"predecessor-version":[{"id":1740,"href":"https:\/\/jf-landkreis-vulkaneifel.de\/index.php?rest_route=\/wp\/v2\/posts\/1689\/revisions\/1740"}],"wp:attachment":[{"href":"https:\/\/jf-landkreis-vulkaneifel.de\/index.php?rest_route=%2Fwp%2Fv2%2Fmedia&parent=1689"}],"wp:term":[{"taxonomy":"category","embeddable":true,"href":"https:\/\/jf-landkreis-vulkaneifel.de\/index.php?rest_route=%2Fwp%2Fv2%2Fcategories&post=1689"},{"taxonomy":"post_tag","embeddable":true,"href":"https:\/\/jf-landkreis-vulkaneifel.de\/index.php?rest_route=%2Fwp%2Fv2%2Ftags&post=1689"}],"curies":[{"name":"wp","href":"https:\/\/api.w.org\/{rel}","templated":true}]}}