{"id":1747,"date":"2018-04-02T16:30:56","date_gmt":"2018-04-02T14:30:56","guid":{"rendered":"http:\/\/jf-landkreis-vulkaneifel.de\/?p=1747"},"modified":"2018-04-02T16:45:53","modified_gmt":"2018-04-02T14:45:53","slug":"danke-harald-verabschiedung-kreisjugendfeuerwehrwart","status":"publish","type":"post","link":"https:\/\/jf-landkreis-vulkaneifel.de\/?p=1747","title":{"rendered":"Danke Harald! &#8211; Flashmop der Jugendfeuerwehren zum Abschied"},"content":{"rendered":"<p><strong>Flashmob der Jugendfeuerwehren Landkreis Vulkaneifel<br \/>\nVerabschiedung von Harald Schmitz als Kreisjugendfeuerwehrwart<br \/>\n<\/strong><\/p>\n<div id=\"attachment_1773\" style=\"width: 1034px\" class=\"wp-caption alignleft\"><a href=\"https:\/\/jf-landkreis-vulkaneifel.de\/?page_id=1832\"><img loading=\"lazy\" decoding=\"async\" aria-describedby=\"caption-attachment-1773\" class=\"wp-image-1773 size-full\" src=\"https:\/\/jf-landkreis-vulkaneifel.de\/wp-content\/uploads\/2018\/04\/2018-03-24-Verabschiedung-Harald-Schmitz-KJFW-25.jpg\" alt=\"Verabschiedung Harald Schmitz als KJFW - mit allen JF des Landkreis Vulkaneifel\" width=\"1024\" height=\"683\" srcset=\"https:\/\/jf-landkreis-vulkaneifel.de\/wp-content\/uploads\/2018\/04\/2018-03-24-Verabschiedung-Harald-Schmitz-KJFW-25.jpg 1024w, https:\/\/jf-landkreis-vulkaneifel.de\/wp-content\/uploads\/2018\/04\/2018-03-24-Verabschiedung-Harald-Schmitz-KJFW-25-550x367.jpg 550w, https:\/\/jf-landkreis-vulkaneifel.de\/wp-content\/uploads\/2018\/04\/2018-03-24-Verabschiedung-Harald-Schmitz-KJFW-25-768x512.jpg 768w, https:\/\/jf-landkreis-vulkaneifel.de\/wp-content\/uploads\/2018\/04\/2018-03-24-Verabschiedung-Harald-Schmitz-KJFW-25-624x416.jpg 624w\" sizes=\"auto, (max-width: 1024px) 100vw, 1024px\" \/><\/a><p id=\"caption-attachment-1773\" class=\"wp-caption-text\">Verabschiedung Harald Schmitz als KJFW &#8211; mit allen JF des Landkreis Vulkaneifel<\/p><\/div>\n<p><a href=\"https:\/\/jf-landkreis-vulkaneifel.de\/?page_id=1832\">[Bildergalerie]<\/a><\/p>\n<p>Bolsdorf\/Duppach 24.03.2018 | Samstagnachmittag kam es zu ungew\u00f6hnlichen Aktivit\u00e4ten im beschaulichen Eifelort Bolsdorf. Rund 220 Jugendliche, Jugendwarte Wehrleiter, KFI und Freunde, samt Feuerwehrautos, versammelten sich am Samstag gegen 18:00 Uhr in Bolsdorf zu einem \u201eFlashmob\u201c, wie es unser Landrat Heinz-Peter Thiel beschrieb. Und daf\u00fcr gab es einen besonderen Anlass. Die Jugendfeuerwehren des Landkreis Vulkaneifel verabschiedeten Ihren Kreisjugendfeuerwehrwart Harald Schmitz, der zum 31.03.2018 sein Amt niederlegt und ab 01.04.2018 neuer KFI des Landkreis Vulkaneifel wird. Harald Schmitz wurde von seinen Kameradinnen und Kameraden aus dem Jugendfeuerwehrausschu\u00df \u00fcberraschend mit Blaulicht und Feuerwehrauto nach Bolsdorf gerufen. Dort wurde er bereits von seinen Jugendfeuerwehren erwartet, welche links und rechts am Stra\u00dfenrand durch den Ort f\u00fcr Ihn Spalier standen. Begleitet von einem Dudelsackspieler legte er die letzten paar Meter zum Feuerwehrhaus zu Fu\u00df zur\u00fcck und konnte sich so von allen Jugendlichen, Betreuern und G\u00e4sten pers\u00f6nlich verabschieden. Anschlie\u00dfend wurde er in gem\u00fctlicher Runde am Feuerwehrhaus in Bolsdorf von den Jugendfeuerwehren geb\u00fchrend gefeiert und in sein neues Amt als KFI entlassen.<\/p>\n<div id=\"attachment_1763\" style=\"width: 1034px\" class=\"wp-caption alignleft\"><a href=\"https:\/\/jf-landkreis-vulkaneifel.de\/?page_id=1832\"><img loading=\"lazy\" decoding=\"async\" aria-describedby=\"caption-attachment-1763\" class=\"wp-image-1763 size-full\" src=\"https:\/\/jf-landkreis-vulkaneifel.de\/wp-content\/uploads\/2018\/04\/2018-03-24-Verabschiedung-Harald-Schmitz-KJFW-15.jpg\" alt=\"Verabschiedung Harald Schmitz als KJFW - mit allen JF des Landkreis Vulkaneifel\" width=\"1024\" height=\"768\" srcset=\"https:\/\/jf-landkreis-vulkaneifel.de\/wp-content\/uploads\/2018\/04\/2018-03-24-Verabschiedung-Harald-Schmitz-KJFW-15.jpg 1024w, https:\/\/jf-landkreis-vulkaneifel.de\/wp-content\/uploads\/2018\/04\/2018-03-24-Verabschiedung-Harald-Schmitz-KJFW-15-550x413.jpg 550w, https:\/\/jf-landkreis-vulkaneifel.de\/wp-content\/uploads\/2018\/04\/2018-03-24-Verabschiedung-Harald-Schmitz-KJFW-15-768x576.jpg 768w, https:\/\/jf-landkreis-vulkaneifel.de\/wp-content\/uploads\/2018\/04\/2018-03-24-Verabschiedung-Harald-Schmitz-KJFW-15-624x468.jpg 624w\" sizes=\"auto, (max-width: 1024px) 100vw, 1024px\" \/><\/a><p id=\"caption-attachment-1763\" class=\"wp-caption-text\">Verabschiedung Harald Schmitz als KJFW &#8211; mit allen JF des Landkreis Vulkaneifel<\/p><\/div>\n<p>Harald Schmitz hat in seinen 22 Jahren bei der Jugendfeuerwehr deren Aufbau ma\u00dfgeblich gef\u00f6rdert und beeinflusst. 16 Jahre lang war er als Stellvertretender Kreisjugendfeuerwehrwart f\u00fcr Kreisveranstsaltungen und Weiterbildungen bei den Jugendfeuerwehren verantwortlich. Ab 2012 \u00fcbernahm er dann das Amt des Kreisjugendfeuerwehrwartes und stellte die Jugendfeuerwehren auf ein starkes Fundament f\u00fcr die Zukunft. In seiner Amtszeit \u00fcbernahm die Jugendfeuerwehr das Spielmobil und den L\u00f6schzug 0,0 sowie die H\u00fcpfburg vom Landkreis Vulkaneifel. Auch die Neugr\u00fcndung der Jugendfeuerwehr Niederehe fand in dieser Zeit statt. Er baute ein schlagkr\u00e4ftiges und engagiertes Team rund um die Jugendfeuerwehr Vulkaneifel auf und sichert so die Zukunft der Jugendfeuerwehren im Landkreis.<\/p>\n<div id=\"attachment_1831\" style=\"width: 1034px\" class=\"wp-caption alignleft\"><a href=\"https:\/\/jf-landkreis-vulkaneifel.de\/?page_id=1832\"><img loading=\"lazy\" decoding=\"async\" aria-describedby=\"caption-attachment-1831\" class=\"wp-image-1831 size-full\" src=\"https:\/\/jf-landkreis-vulkaneifel.de\/wp-content\/uploads\/2018\/04\/2018-03-24-Verabschiedung-Harald-Schmitz-KJFW-83.jpg\" alt=\"Ehrung von KJFW Harald Schmitz und KFI Christoph Bach\" width=\"1024\" height=\"768\" srcset=\"https:\/\/jf-landkreis-vulkaneifel.de\/wp-content\/uploads\/2018\/04\/2018-03-24-Verabschiedung-Harald-Schmitz-KJFW-83.jpg 1024w, https:\/\/jf-landkreis-vulkaneifel.de\/wp-content\/uploads\/2018\/04\/2018-03-24-Verabschiedung-Harald-Schmitz-KJFW-83-550x413.jpg 550w, https:\/\/jf-landkreis-vulkaneifel.de\/wp-content\/uploads\/2018\/04\/2018-03-24-Verabschiedung-Harald-Schmitz-KJFW-83-768x576.jpg 768w, https:\/\/jf-landkreis-vulkaneifel.de\/wp-content\/uploads\/2018\/04\/2018-03-24-Verabschiedung-Harald-Schmitz-KJFW-83-624x468.jpg 624w\" sizes=\"auto, (max-width: 1024px) 100vw, 1024px\" \/><\/a><p id=\"caption-attachment-1831\" class=\"wp-caption-text\">Ehrung von KJFW Harald Schmitz und KFI Christoph Bach<\/p><\/div>\n<p>Am Sonntag den 25.03.2018 ging der ganze Spa\u00df weiter. Auf dem Delegiertentag des Kreisfeuerwehrverbandes Vulkaneifel konnten wir Harald Schmitz f\u00fcr seinen unerm\u00fcdlichen Einsatz und die Verdienste sowie F\u00f6rderung der Jugendfeuerwehren im Landkreisvulkaneifel eine Ehrung \u00fcberreichen. Harald Schmitz wurde die Ehrennadel der Jugendfeuerwehren Landkreis Vulkaneifel in der Stufe Silber verliehen! Au\u00dferdem wurde Ihm durch den Pr\u00e4sidenten des Landesfeuerwehrverbandes, Frank Hachemer, das deutsche Feuerwehr Ehrenkreuz in Silber verliehen. Unserem scheidenden KFI Christoph Bach wurde ebenfalls eine besondere Ehre zu teil. Er ist einer der wenigen, dem die Ehrennadel der Jugendfeuerwehr Landkreis Vulkaneifel in der Stufe Gold verliehen worden ist.<\/p>\n<p><strong>Harald, wir sagen DANKE f\u00fcr deine unerm\u00fcdliche Arbeit. Wir werden dich vermissen!<\/strong><\/p>\n<p>Deine Jugendfeuerwehren<\/p>\n<p><a href=\"https:\/\/jf-landkreis-vulkaneifel.de\/?page_id=1832\">[Bildergalerie]<\/a><\/p>\n","protected":false},"excerpt":{"rendered":"<p>Flashmob der Jugendfeuerwehren Landkreis Vulkaneifel Verabschiedung von Harald Schmitz als Kreisjugendfeuerwehrwart [Bildergalerie] Bolsdorf\/Duppach 24.03.2018 | Samstagnachmittag kam es zu ungew\u00f6hnlichen Aktivit\u00e4ten im beschaulichen Eifelort Bolsdorf. Rund 220 Jugendliche, Jugendwarte Wehrleiter, KFI und Freunde, samt Feuerwehrautos, versammelten sich am Samstag gegen 18:00 Uhr in Bolsdorf zu einem \u201eFlashmob\u201c, wie es unser Landrat Heinz-Peter Thiel beschrieb. Und [&hellip;]<\/p>\n","protected":false},"author":5,"featured_media":1773,"comment_status":"closed","ping_status":"open","sticky":false,"template":"","format":"standard","meta":{"footnotes":""},"categories":[2],"tags":[],"class_list":["post-1747","post","type-post","status-publish","format-standard","has-post-thumbnail","hentry","category-aktuelles"],"_links":{"self":[{"href":"https:\/\/jf-landkreis-vulkaneifel.de\/index.php?rest_route=\/wp\/v2\/posts\/1747","targetHints":{"allow":["GET"]}}],"collection":[{"href":"https:\/\/jf-landkreis-vulkaneifel.de\/index.php?rest_route=\/wp\/v2\/posts"}],"about":[{"href":"https:\/\/jf-landkreis-vulkaneifel.de\/index.php?rest_route=\/wp\/v2\/types\/post"}],"author":[{"embeddable":true,"href":"https:\/\/jf-landkreis-vulkaneifel.de\/index.php?rest_route=\/wp\/v2\/users\/5"}],"replies":[{"embeddable":true,"href":"https:\/\/jf-landkreis-vulkaneifel.de\/index.php?rest_route=%2Fwp%2Fv2%2Fcomments&post=1747"}],"version-history":[{"count":5,"href":"https:\/\/jf-landkreis-vulkaneifel.de\/index.php?rest_route=\/wp\/v2\/posts\/1747\/revisions"}],"predecessor-version":[{"id":1839,"href":"https:\/\/jf-landkreis-vulkaneifel.de\/index.php?rest_route=\/wp\/v2\/posts\/1747\/revisions\/1839"}],"wp:featuredmedia":[{"embeddable":true,"href":"https:\/\/jf-landkreis-vulkaneifel.de\/index.php?rest_route=\/wp\/v2\/media\/1773"}],"wp:attachment":[{"href":"https:\/\/jf-landkreis-vulkaneifel.de\/index.php?rest_route=%2Fwp%2Fv2%2Fmedia&parent=1747"}],"wp:term":[{"taxonomy":"category","embeddable":true,"href":"https:\/\/jf-landkreis-vulkaneifel.de\/index.php?rest_route=%2Fwp%2Fv2%2Fcategories&post=1747"},{"taxonomy":"post_tag","embeddable":true,"href":"https:\/\/jf-landkreis-vulkaneifel.de\/index.php?rest_route=%2Fwp%2Fv2%2Ftags&post=1747"}],"curies":[{"name":"wp","href":"https:\/\/api.w.org\/{rel}","templated":true}]}}