{"id":1924,"date":"2018-10-29T14:54:21","date_gmt":"2018-10-29T12:54:21","guid":{"rendered":"http:\/\/jf-landkreis-vulkaneifel.de\/?p=1924"},"modified":"2023-01-04T20:46:26","modified_gmt":"2023-01-04T18:46:26","slug":"es-geht-weiter-jugendfeuerwehr-waehlt-neue-fuehrungsspitze","status":"publish","type":"post","link":"https:\/\/jf-landkreis-vulkaneifel.de\/?p=1924","title":{"rendered":"Es geht weiter &#8211; Jugendfeuerwehr w\u00e4hlt neue F\u00fchrungsspitze"},"content":{"rendered":"<p style=\"text-align: left;\">Daun 26.10.2018 | Am Freitag waren die Jugendwarte des Landkreis Vulkaneifel in die Kreisverwaltung nach Daun eingeladen. Nach dem Ausscheiden von Harald Schmitz als Kreisjugendfeuerwehrwart, war es an der Zeit einen Nachfolger zu w\u00e4hlen.<!--more--> Unter der Leitung von Kreisfeuerwehrinspekteur Harald Schmitz w\u00e4hlten die anwesenden Jugendwarte Joachim Ziegler zum neuen Kreisjugendfeuerwehrwart. Joachim Ziegler ist seit 2012 als Stellvertretender Kreisjugendwart t\u00e4tig und tritt nun die Nachfolge von Harald Schmitz an. Als neuen Stellvertretenden Kreisjugendwart w\u00e4hlten die Jugendwarte Michael Bauer aus Neroth. Michael Bauer ist seit 7 Jahren als Jugendwart in Neroth erfolgreich f\u00fcr den Nachwuchs der Feuerwehr verantwortlich.<br \/>\nDie Ernennung der beiden neu gew\u00e4hlten wird voraussichtlich Ende November durch unseren Landrat Heinz-Peter Thiel erfolgen.<\/p>\n<p>Ein herzliches Dankesch\u00f6n auch an die Kreisverwaltung Daun und unseren Sachbearbeiter Rainer Leuer sowie unseren KFI Harald Schmitz und seinen Stelv. KFI Markus Keppler, f\u00fcr die Organisation und Durchf\u00fchrung der Wahl.<\/p>\n<p>Herzlichen Gl\u00fcckwunsch zur Wahl an unsere neue F\u00fchrungsspitze und viel Erfolg im neuen Amt.<\/p>\n<div id=\"attachment_1923\" style=\"width: 4042px\" class=\"wp-caption alignnone\"><a href=\"https:\/\/jf-landkreis-vulkaneifel.de\/wp-content\/uploads\/2018\/10\/86528000-D5F7-467F-892E-D1A8490D0506-e1540799351895.jpeg\"><img loading=\"lazy\" decoding=\"async\" aria-describedby=\"caption-attachment-1923\" class=\"size-full wp-image-1923\" src=\"https:\/\/jf-landkreis-vulkaneifel.de\/wp-content\/uploads\/2018\/10\/86528000-D5F7-467F-892E-D1A8490D0506-e1540799351895.jpeg\" alt=\"Wahlversammlung\" width=\"4032\" height=\"3024\" srcset=\"https:\/\/jf-landkreis-vulkaneifel.de\/wp-content\/uploads\/2018\/10\/86528000-D5F7-467F-892E-D1A8490D0506-e1540799351895.jpeg 4032w, https:\/\/jf-landkreis-vulkaneifel.de\/wp-content\/uploads\/2018\/10\/86528000-D5F7-467F-892E-D1A8490D0506-e1540799351895-550x413.jpeg 550w, https:\/\/jf-landkreis-vulkaneifel.de\/wp-content\/uploads\/2018\/10\/86528000-D5F7-467F-892E-D1A8490D0506-e1540799351895-1024x768.jpeg 1024w, https:\/\/jf-landkreis-vulkaneifel.de\/wp-content\/uploads\/2018\/10\/86528000-D5F7-467F-892E-D1A8490D0506-e1540799351895-768x576.jpeg 768w, https:\/\/jf-landkreis-vulkaneifel.de\/wp-content\/uploads\/2018\/10\/86528000-D5F7-467F-892E-D1A8490D0506-e1540799351895-1280x960.jpeg 1280w, https:\/\/jf-landkreis-vulkaneifel.de\/wp-content\/uploads\/2018\/10\/86528000-D5F7-467F-892E-D1A8490D0506-e1540799351895-624x468.jpeg 624w\" sizes=\"auto, (max-width: 4032px) 100vw, 4032px\" \/><\/a><p id=\"caption-attachment-1923\" class=\"wp-caption-text\">Wahlversammlung aus Jugendwarten, KFI und Ausschuss zur Wahl des KJFW und seines Stellvertreters<\/p><\/div>\n<div id=\"attachment_1922\" style=\"width: 4042px\" class=\"wp-caption alignleft\"><a href=\"https:\/\/jf-landkreis-vulkaneifel.de\/wp-content\/uploads\/2018\/10\/179C70C3-D081-4882-91CC-8D62275FB8BD.jpeg\"><img loading=\"lazy\" decoding=\"async\" aria-describedby=\"caption-attachment-1922\" class=\"size-full wp-image-1922\" src=\"https:\/\/jf-landkreis-vulkaneifel.de\/wp-content\/uploads\/2018\/10\/179C70C3-D081-4882-91CC-8D62275FB8BD.jpeg\" alt=\"Wahlversammlung\" width=\"4032\" height=\"3024\" srcset=\"https:\/\/jf-landkreis-vulkaneifel.de\/wp-content\/uploads\/2018\/10\/179C70C3-D081-4882-91CC-8D62275FB8BD.jpeg 4032w, https:\/\/jf-landkreis-vulkaneifel.de\/wp-content\/uploads\/2018\/10\/179C70C3-D081-4882-91CC-8D62275FB8BD-550x413.jpeg 550w, https:\/\/jf-landkreis-vulkaneifel.de\/wp-content\/uploads\/2018\/10\/179C70C3-D081-4882-91CC-8D62275FB8BD-1024x768.jpeg 1024w, https:\/\/jf-landkreis-vulkaneifel.de\/wp-content\/uploads\/2018\/10\/179C70C3-D081-4882-91CC-8D62275FB8BD-768x576.jpeg 768w, https:\/\/jf-landkreis-vulkaneifel.de\/wp-content\/uploads\/2018\/10\/179C70C3-D081-4882-91CC-8D62275FB8BD-1280x960.jpeg 1280w, https:\/\/jf-landkreis-vulkaneifel.de\/wp-content\/uploads\/2018\/10\/179C70C3-D081-4882-91CC-8D62275FB8BD-624x468.jpeg 624w\" sizes=\"auto, (max-width: 4032px) 100vw, 4032px\" \/><\/a><p id=\"caption-attachment-1922\" class=\"wp-caption-text\">Wahlversammlung<\/p><\/div>\n","protected":false},"excerpt":{"rendered":"<p>Daun 26.10.2018 | Am Freitag waren die Jugendwarte des Landkreis Vulkaneifel in die Kreisverwaltung nach Daun eingeladen. Nach dem Ausscheiden von Harald Schmitz als Kreisjugendfeuerwehrwart, war es an der Zeit einen Nachfolger zu w\u00e4hlen.<\/p>\n","protected":false},"author":5,"featured_media":1923,"comment_status":"closed","ping_status":"open","sticky":false,"template":"","format":"standard","meta":{"footnotes":""},"categories":[2],"tags":[35],"class_list":["post-1924","post","type-post","status-publish","format-standard","has-post-thumbnail","hentry","category-aktuelles","tag-jugendfeuerwehr-kreisjugendfeuerwehrwart"],"_links":{"self":[{"href":"https:\/\/jf-landkreis-vulkaneifel.de\/index.php?rest_route=\/wp\/v2\/posts\/1924","targetHints":{"allow":["GET"]}}],"collection":[{"href":"https:\/\/jf-landkreis-vulkaneifel.de\/index.php?rest_route=\/wp\/v2\/posts"}],"about":[{"href":"https:\/\/jf-landkreis-vulkaneifel.de\/index.php?rest_route=\/wp\/v2\/types\/post"}],"author":[{"embeddable":true,"href":"https:\/\/jf-landkreis-vulkaneifel.de\/index.php?rest_route=\/wp\/v2\/users\/5"}],"replies":[{"embeddable":true,"href":"https:\/\/jf-landkreis-vulkaneifel.de\/index.php?rest_route=%2Fwp%2Fv2%2Fcomments&post=1924"}],"version-history":[{"count":5,"href":"https:\/\/jf-landkreis-vulkaneifel.de\/index.php?rest_route=\/wp\/v2\/posts\/1924\/revisions"}],"predecessor-version":[{"id":2140,"href":"https:\/\/jf-landkreis-vulkaneifel.de\/index.php?rest_route=\/wp\/v2\/posts\/1924\/revisions\/2140"}],"wp:featuredmedia":[{"embeddable":true,"href":"https:\/\/jf-landkreis-vulkaneifel.de\/index.php?rest_route=\/wp\/v2\/media\/1923"}],"wp:attachment":[{"href":"https:\/\/jf-landkreis-vulkaneifel.de\/index.php?rest_route=%2Fwp%2Fv2%2Fmedia&parent=1924"}],"wp:term":[{"taxonomy":"category","embeddable":true,"href":"https:\/\/jf-landkreis-vulkaneifel.de\/index.php?rest_route=%2Fwp%2Fv2%2Fcategories&post=1924"},{"taxonomy":"post_tag","embeddable":true,"href":"https:\/\/jf-landkreis-vulkaneifel.de\/index.php?rest_route=%2Fwp%2Fv2%2Ftags&post=1924"}],"curies":[{"name":"wp","href":"https:\/\/api.w.org\/{rel}","templated":true}]}}