{"id":1938,"date":"2018-11-26T22:53:55","date_gmt":"2018-11-26T20:53:55","guid":{"rendered":"http:\/\/jf-landkreis-vulkaneifel.de\/?p=1938"},"modified":"2023-01-04T20:45:47","modified_gmt":"2023-01-04T18:45:47","slug":"neuer-kreisjugendfeuerwehrwart-und-stellvertreter-bestellt","status":"publish","type":"post","link":"https:\/\/jf-landkreis-vulkaneifel.de\/?p=1938","title":{"rendered":"Neuer Kreisjugendfeuerwehrwart und Stellvertreter bestellt"},"content":{"rendered":"<p><strong>Joachim Ziegler und Michael Bauer leiten nun die Geschicke der Jugendfeuerwehr Vulkaneifel<\/strong><\/p>\n<div id=\"attachment_1937\" style=\"width: 1034px\" class=\"wp-caption alignleft\"><a href=\"https:\/\/jf-landkreis-vulkaneifel.de\/wp-content\/uploads\/2018\/11\/2018-11-22-Ernennung-KJFW-Stv-2.jpg\"><img loading=\"lazy\" decoding=\"async\" aria-describedby=\"caption-attachment-1937\" class=\"wp-image-1937 size-full\" src=\"https:\/\/jf-landkreis-vulkaneifel.de\/wp-content\/uploads\/2018\/11\/2018-11-22-Ernennung-KJFW-Stv-2.jpg\" alt=\"v.l.n.r.: Landesjugendfeuerwehrwart Matthias G\u00f6rgen, Kreisjugendfeuerwehrwart Joachim Ziegler, Kreisfeuerwehrinspekteur Harald Schmitz, Landrat Heinz-Peter Thiel, stellv. Kreisjugendfeuerwehrwart Michael Bauer und Sachbearbeiter Rainer Leuer\" width=\"1024\" height=\"768\" srcset=\"https:\/\/jf-landkreis-vulkaneifel.de\/wp-content\/uploads\/2018\/11\/2018-11-22-Ernennung-KJFW-Stv-2.jpg 1024w, https:\/\/jf-landkreis-vulkaneifel.de\/wp-content\/uploads\/2018\/11\/2018-11-22-Ernennung-KJFW-Stv-2-550x413.jpg 550w, https:\/\/jf-landkreis-vulkaneifel.de\/wp-content\/uploads\/2018\/11\/2018-11-22-Ernennung-KJFW-Stv-2-768x576.jpg 768w, https:\/\/jf-landkreis-vulkaneifel.de\/wp-content\/uploads\/2018\/11\/2018-11-22-Ernennung-KJFW-Stv-2-624x468.jpg 624w\" sizes=\"auto, (max-width: 1024px) 100vw, 1024px\" \/><\/a><p id=\"caption-attachment-1937\" class=\"wp-caption-text\">v.l.n.r.: Landesjugendfeuerwehrwart Matthias G\u00f6rgen, Kreisjugendfeuerwehrwart Joachim Ziegler, Kreisfeuerwehrinspekteur Harald Schmitz, Landrat Heinz-Peter Thiel, stellv. Kreisjugendfeuerwehrwart Michael Bauer und Sachbearbeiter Rainer Leuer<\/p><\/div>\n<p>22. November 2018 Daun | Anl\u00e4sslich der Ausschusssitzung des Kreisjugendfeuerwehrverbandes Vulkaneifel vergangene Woche in den R\u00e4umen der Kreissparkasse Vulkaneifel wurden Joachim Ziegler und Michael Bauer von Landrat Heinz-Peter Thiel zum Kreisjugendfeuerwehrwart und zum stellvertretenden Kreisjugendfeuerwehrwart im Beisein der Jugendfeuerwehrwarte des Landkreises bestellt. <!--more-->Zuvor waren Joachim Ziegler und Michael Bauer als neue F\u00fchrungsspitze der Jugendfeuerwehr Vulkaneifel &#8211; durch die Wahlversammlung der Jugendfeuerwehrwarte und unter der Leitung des Kreisfeuerwehrinspekteurs Harald Schmitz &#8211; gew\u00e4hlt worden. Die Wahl war notwendig geworden, da der bisherige Kreisjugendfeuerwehrwart Harald Schmitz, der \u00fcber 16 Jahre diese T\u00e4tigkeit sowohl als Stellvertreter und sp\u00e4ter dann als Chef aus\u00fcbte, sein Amt durch die Ernennung zum Kreisfeuerwehrinspekteur am 01.04.2018 aufgeben musste.<\/p>\n<p>Mit Joachim Ziegler als neuer Kreisjugendfeuerwehrwart ist ein erfahrener Mann in der Jugendfeuerwehrarbeit bestimmt worden. Seit \u00fcber sechs Jahren leitet er bereits das Amt des stellvertretenden Kreisjugendfeuerwehrwarts und ist daher bestens \u00fcber die Verpflichtungen im Bereich der Jugendfeuerwehrarbeit informiert. Er selbst kann bereits auf eine 26-j\u00e4hrige T\u00e4tigkeit in der Jugendfeuerwehr Vulkaneifel zur\u00fcckblicken. Diese begann im Jahre 1992, als er in die Jugendfeuerwehr Strotzb\u00fcsch-Immerath eintrat und 1998 das Amt des stellvertretenden Jugendfeuerwehrwartes der Jugendfeuerwehr Strotzb\u00fcsch-Immerath \u00fcbernahm. Immer bem\u00fcht, sein Wissen in der Arbeit mit den vielen Jungen und M\u00e4dchen zu erweitern, nahm er stets an diversen Lehrg\u00e4ngen und Fortbildungen teil.<\/p>\n<p>Auch Michael Bauer ist seit sieben Jahren als Jugendwart in der Jugendfeuerwehr Neroth erfolgreich f\u00fcr den Nachwuchs der Feuerwehr verantwortlich. Seine Karriere in der Jugendfeuerwehr begann im August 2003, als er in die Jugendfeuerwehr Neroth eintrat und sp\u00e4ter im Jahre 2008 in den aktiven Feuerwehrdienst der freiwilligen Feuerwehr Neroth wechselte.<\/p>\n<p>Im seinem Gru\u00dfwort dankte Landrat Heinz-Peter Thiel f\u00fcr die gro\u00dfe Einsatzbereitschaft und die hohe Professionalit\u00e4t im Bereich der Jugendarbeit. \u201eMit dieser Zukunftsarbeit garantieren Sie den Nachwuchs f\u00fcr den Erwachsenenbereich\u201c, so Thiel weiter.<\/p>\n<p>Der Kreisfeuerwehrinspekteur des Landkreises Vulkaneifel, Harald Schmitz, dankte in seinem Gru\u00dfwort ebenfalls f\u00fcr die Bereitschaft und das Engagement in der Arbeit mit den Kindern und Jugendlichen. Er ziehe den Hut vor all den Beteiligten, die sich vor Ort um die Ausbildung bem\u00fchen. Aktuell bestehen 41 aktive Jugendfeuerwehren im Landkreis Vulkan-eifel, die 476 Jugendliche (372 Jungen und 104 M\u00e4dchen) im Alter von 10-18 Jahre als aktive Mitglieder verzeichnen.<\/p>\n<p>(Quelle: Kreisverwaltung Landkreis Vulkaneifel)<\/p>\n<div id=\"attachment_1935\" style=\"width: 1034px\" class=\"wp-caption alignleft\"><a href=\"https:\/\/jf-landkreis-vulkaneifel.de\/wp-content\/uploads\/2018\/11\/2018-11-22-Ernennung-KJFW-Stv-3.jpg\"><img loading=\"lazy\" decoding=\"async\" aria-describedby=\"caption-attachment-1935\" class=\"size-full wp-image-1935\" src=\"https:\/\/jf-landkreis-vulkaneifel.de\/wp-content\/uploads\/2018\/11\/2018-11-22-Ernennung-KJFW-Stv-3.jpg\" alt=\"Ernennung von Joachim Ziegler zum Kreisjugendfeuerwehrwart\" width=\"1024\" height=\"768\" srcset=\"https:\/\/jf-landkreis-vulkaneifel.de\/wp-content\/uploads\/2018\/11\/2018-11-22-Ernennung-KJFW-Stv-3.jpg 1024w, https:\/\/jf-landkreis-vulkaneifel.de\/wp-content\/uploads\/2018\/11\/2018-11-22-Ernennung-KJFW-Stv-3-550x413.jpg 550w, https:\/\/jf-landkreis-vulkaneifel.de\/wp-content\/uploads\/2018\/11\/2018-11-22-Ernennung-KJFW-Stv-3-768x576.jpg 768w, https:\/\/jf-landkreis-vulkaneifel.de\/wp-content\/uploads\/2018\/11\/2018-11-22-Ernennung-KJFW-Stv-3-624x468.jpg 624w\" sizes=\"auto, (max-width: 1024px) 100vw, 1024px\" \/><\/a><p id=\"caption-attachment-1935\" class=\"wp-caption-text\">Ernennung von Joachim Ziegler zum Kreisjugendfeuerwehrwart<\/p><\/div>\n<div id=\"attachment_1936\" style=\"width: 1034px\" class=\"wp-caption alignleft\"><a href=\"https:\/\/jf-landkreis-vulkaneifel.de\/wp-content\/uploads\/2018\/11\/2018-11-22-Ernennung-KJFW-Stv-4.jpg\"><img loading=\"lazy\" decoding=\"async\" aria-describedby=\"caption-attachment-1936\" class=\"size-full wp-image-1936\" src=\"https:\/\/jf-landkreis-vulkaneifel.de\/wp-content\/uploads\/2018\/11\/2018-11-22-Ernennung-KJFW-Stv-4.jpg\" alt=\"Ernennung von Michael Bauer zum Stv. Kreisjugendfeuerwehrwart\" width=\"1024\" height=\"768\" srcset=\"https:\/\/jf-landkreis-vulkaneifel.de\/wp-content\/uploads\/2018\/11\/2018-11-22-Ernennung-KJFW-Stv-4.jpg 1024w, https:\/\/jf-landkreis-vulkaneifel.de\/wp-content\/uploads\/2018\/11\/2018-11-22-Ernennung-KJFW-Stv-4-550x413.jpg 550w, https:\/\/jf-landkreis-vulkaneifel.de\/wp-content\/uploads\/2018\/11\/2018-11-22-Ernennung-KJFW-Stv-4-768x576.jpg 768w, https:\/\/jf-landkreis-vulkaneifel.de\/wp-content\/uploads\/2018\/11\/2018-11-22-Ernennung-KJFW-Stv-4-624x468.jpg 624w\" sizes=\"auto, (max-width: 1024px) 100vw, 1024px\" \/><\/a><p id=\"caption-attachment-1936\" class=\"wp-caption-text\">Ernennung von Michael Bauer zum Stv. Kreisjugendfeuerwehrwart<\/p><\/div>\n","protected":false},"excerpt":{"rendered":"<p>Joachim Ziegler und Michael Bauer leiten nun die Geschicke der Jugendfeuerwehr Vulkaneifel 22. November 2018 Daun | Anl\u00e4sslich der Ausschusssitzung des Kreisjugendfeuerwehrverbandes Vulkaneifel vergangene Woche in den R\u00e4umen der Kreissparkasse Vulkaneifel wurden Joachim Ziegler und Michael Bauer von Landrat Heinz-Peter Thiel zum Kreisjugendfeuerwehrwart und zum stellvertretenden Kreisjugendfeuerwehrwart im Beisein der Jugendfeuerwehrwarte des Landkreises bestellt.<\/p>\n","protected":false},"author":5,"featured_media":0,"comment_status":"closed","ping_status":"open","sticky":false,"template":"","format":"standard","meta":{"footnotes":""},"categories":[2,9],"tags":[],"class_list":["post-1938","post","type-post","status-publish","format-standard","hentry","category-aktuelles","category-termine"],"_links":{"self":[{"href":"https:\/\/jf-landkreis-vulkaneifel.de\/index.php?rest_route=\/wp\/v2\/posts\/1938","targetHints":{"allow":["GET"]}}],"collection":[{"href":"https:\/\/jf-landkreis-vulkaneifel.de\/index.php?rest_route=\/wp\/v2\/posts"}],"about":[{"href":"https:\/\/jf-landkreis-vulkaneifel.de\/index.php?rest_route=\/wp\/v2\/types\/post"}],"author":[{"embeddable":true,"href":"https:\/\/jf-landkreis-vulkaneifel.de\/index.php?rest_route=\/wp\/v2\/users\/5"}],"replies":[{"embeddable":true,"href":"https:\/\/jf-landkreis-vulkaneifel.de\/index.php?rest_route=%2Fwp%2Fv2%2Fcomments&post=1938"}],"version-history":[{"count":4,"href":"https:\/\/jf-landkreis-vulkaneifel.de\/index.php?rest_route=\/wp\/v2\/posts\/1938\/revisions"}],"predecessor-version":[{"id":2139,"href":"https:\/\/jf-landkreis-vulkaneifel.de\/index.php?rest_route=\/wp\/v2\/posts\/1938\/revisions\/2139"}],"wp:attachment":[{"href":"https:\/\/jf-landkreis-vulkaneifel.de\/index.php?rest_route=%2Fwp%2Fv2%2Fmedia&parent=1938"}],"wp:term":[{"taxonomy":"category","embeddable":true,"href":"https:\/\/jf-landkreis-vulkaneifel.de\/index.php?rest_route=%2Fwp%2Fv2%2Fcategories&post=1938"},{"taxonomy":"post_tag","embeddable":true,"href":"https:\/\/jf-landkreis-vulkaneifel.de\/index.php?rest_route=%2Fwp%2Fv2%2Ftags&post=1938"}],"curies":[{"name":"wp","href":"https:\/\/api.w.org\/{rel}","templated":true}]}}