{"id":2081,"date":"2022-10-13T14:38:25","date_gmt":"2022-10-13T12:38:25","guid":{"rendered":"http:\/\/jf-landkreis-vulkaneifel.de\/?p=2081"},"modified":"2023-01-04T20:14:54","modified_gmt":"2023-01-04T18:14:54","slug":"mitglieder-der-jf-densborn-und-gerolstein-erhalten-leistungsspange","status":"publish","type":"post","link":"https:\/\/jf-landkreis-vulkaneifel.de\/?p=2081","title":{"rendered":"Mitglieder der JF Densborn und Gerolstein erhalten Leistungsspange"},"content":{"rendered":"<div id=\"attachment_2083\" style=\"width: 1034px\" class=\"wp-caption alignnone\"><img loading=\"lazy\" decoding=\"async\" aria-describedby=\"caption-attachment-2083\" class=\"size-medium wp-image-2083\" src=\"https:\/\/jf-landkreis-vulkaneifel.de\/wp-content\/uploads\/2022\/10\/20221008_111643-1024x768.jpg\" alt=\"Die Jugendlichen mit Betreuern, Wertungsrichtern und Mitgliedern des Vorstands der Kreisjugendfeuerwehr nach erfolgreicher Abnahme der Leistungsspange\" width=\"1024\" height=\"768\" srcset=\"https:\/\/jf-landkreis-vulkaneifel.de\/wp-content\/uploads\/2022\/10\/20221008_111643-1024x768.jpg 1024w, https:\/\/jf-landkreis-vulkaneifel.de\/wp-content\/uploads\/2022\/10\/20221008_111643-550x413.jpg 550w, https:\/\/jf-landkreis-vulkaneifel.de\/wp-content\/uploads\/2022\/10\/20221008_111643-768x576.jpg 768w, https:\/\/jf-landkreis-vulkaneifel.de\/wp-content\/uploads\/2022\/10\/20221008_111643-1280x960.jpg 1280w, https:\/\/jf-landkreis-vulkaneifel.de\/wp-content\/uploads\/2022\/10\/20221008_111643-624x468.jpg 624w\" sizes=\"auto, (max-width: 1024px) 100vw, 1024px\" \/><p id=\"caption-attachment-2083\" class=\"wp-caption-text\">Die Jugendlichen mit Betreuern, Wertungsrichtern und Mitgliedern des Vorstands der Kreisjugendfeuerwehr nach erfolgreicher Abnahme der Leistungsspange<\/p><\/div>\n<p><strong>Gerolstein.<\/strong> Am Samstag, 08.10.2022, fand die Abnahme der Leistungsspange der Deutschen Jugendfeuerwehr mit Teilnehmern aus den Jugendfeuerwehren Densborn und Gerolstein statt. <!--more-->Die neun Jugendlichen, darunter 4 M\u00e4dchen, bewiesen ihr K\u00f6nnen in 5 verschiedenen Disziplinen:<\/p>\n<ul>\n<li>Staffellauf \u00fcber 1.500 m in unter 4:10 min<\/li>\n<li>Kugelsto\u00dfen von insgesamt mindestens 55 m<\/li>\n<li>Auslegen von 8 Feuerwehrschl\u00e4uchen als Schnelligkeits\u00fcbung in unter 75 s<\/li>\n<li>Aufbau eines L\u00f6schangriffs<\/li>\n<li>Fragenbeantwortung mit Fragen zur Feuerwehr, Politik und Allgemeinbildung<\/li>\n<\/ul>\n<p>Die angetreten Jugendlichen erf\u00fcllten alle Anforderungen und erhielten somit die Leistungsspange als h\u00f6chste Auszeichnung der Deutschen Jugendfeuerwehr.<\/p>\n<p>Folgende Jugendliche nahmen erfolgreich an der Abnahme teil:<\/p>\n<p>Jonathan Brenner, Edwin Frei, Ronja Heinzmann, Julia K\u00f6hler, Noah Kreis, Ben Leschke, Lina L\u00fctzenb\u00fcrger, Annika Oehms und Jakob Stahnke<\/p>\n<div id=\"attachment_2085\" style=\"width: 1034px\" class=\"wp-caption alignnone\"><img loading=\"lazy\" decoding=\"async\" aria-describedby=\"caption-attachment-2085\" class=\"size-medium wp-image-2085\" src=\"https:\/\/jf-landkreis-vulkaneifel.de\/wp-content\/uploads\/2022\/10\/P1122765-1024x768.jpg\" alt=\"Die Gruppe bei der Durchf\u00fchrung der Schnelligkeits\u00fcbung\" width=\"1024\" height=\"768\" srcset=\"https:\/\/jf-landkreis-vulkaneifel.de\/wp-content\/uploads\/2022\/10\/P1122765-1024x768.jpg 1024w, https:\/\/jf-landkreis-vulkaneifel.de\/wp-content\/uploads\/2022\/10\/P1122765-550x413.jpg 550w, https:\/\/jf-landkreis-vulkaneifel.de\/wp-content\/uploads\/2022\/10\/P1122765-768x576.jpg 768w, https:\/\/jf-landkreis-vulkaneifel.de\/wp-content\/uploads\/2022\/10\/P1122765-1280x960.jpg 1280w, https:\/\/jf-landkreis-vulkaneifel.de\/wp-content\/uploads\/2022\/10\/P1122765-624x468.jpg 624w\" sizes=\"auto, (max-width: 1024px) 100vw, 1024px\" \/><p id=\"caption-attachment-2085\" class=\"wp-caption-text\">Die Gruppe bei der Durchf\u00fchrung der Schnelligkeits\u00fcbung<\/p><\/div>\n<div id=\"attachment_2086\" style=\"width: 1034px\" class=\"wp-caption alignnone\"><img loading=\"lazy\" decoding=\"async\" aria-describedby=\"caption-attachment-2086\" class=\"wp-image-2086 size-medium\" src=\"https:\/\/jf-landkreis-vulkaneifel.de\/wp-content\/uploads\/2022\/10\/P1122772-1024x768.jpg\" alt=\"Aufstellung der Jugendlichen f\u00fcr die Abnahme des L\u00f6schangriffs\" width=\"1024\" height=\"768\" srcset=\"https:\/\/jf-landkreis-vulkaneifel.de\/wp-content\/uploads\/2022\/10\/P1122772-1024x768.jpg 1024w, https:\/\/jf-landkreis-vulkaneifel.de\/wp-content\/uploads\/2022\/10\/P1122772-550x413.jpg 550w, https:\/\/jf-landkreis-vulkaneifel.de\/wp-content\/uploads\/2022\/10\/P1122772-768x576.jpg 768w, https:\/\/jf-landkreis-vulkaneifel.de\/wp-content\/uploads\/2022\/10\/P1122772-1280x960.jpg 1280w, https:\/\/jf-landkreis-vulkaneifel.de\/wp-content\/uploads\/2022\/10\/P1122772-624x468.jpg 624w\" sizes=\"auto, (max-width: 1024px) 100vw, 1024px\" \/><p id=\"caption-attachment-2086\" class=\"wp-caption-text\">Aufstellung der Jugendlichen f\u00fcr die Abnahme des L\u00f6schangriffs<\/p><\/div>\n<div id=\"attachment_2087\" style=\"width: 1034px\" class=\"wp-caption alignnone\"><img loading=\"lazy\" decoding=\"async\" aria-describedby=\"caption-attachment-2087\" class=\"size-medium wp-image-2087\" src=\"https:\/\/jf-landkreis-vulkaneifel.de\/wp-content\/uploads\/2022\/10\/P1122787-1024x768.jpg\" alt=\"Kuppeln der Saugleitung beim Aufbau des L\u00f6schangriffs\" width=\"1024\" height=\"768\" srcset=\"https:\/\/jf-landkreis-vulkaneifel.de\/wp-content\/uploads\/2022\/10\/P1122787-1024x768.jpg 1024w, https:\/\/jf-landkreis-vulkaneifel.de\/wp-content\/uploads\/2022\/10\/P1122787-550x413.jpg 550w, https:\/\/jf-landkreis-vulkaneifel.de\/wp-content\/uploads\/2022\/10\/P1122787-768x576.jpg 768w, https:\/\/jf-landkreis-vulkaneifel.de\/wp-content\/uploads\/2022\/10\/P1122787-1280x960.jpg 1280w, https:\/\/jf-landkreis-vulkaneifel.de\/wp-content\/uploads\/2022\/10\/P1122787-624x468.jpg 624w\" sizes=\"auto, (max-width: 1024px) 100vw, 1024px\" \/><p id=\"caption-attachment-2087\" class=\"wp-caption-text\">Kuppeln der Saugleitung beim Aufbau des L\u00f6schangriffs<\/p><\/div>\n<div id=\"attachment_2084\" style=\"width: 1034px\" class=\"wp-caption alignnone\"><img loading=\"lazy\" decoding=\"async\" aria-describedby=\"caption-attachment-2084\" class=\"size-medium wp-image-2084\" src=\"https:\/\/jf-landkreis-vulkaneifel.de\/wp-content\/uploads\/2022\/10\/IMG_8614-1024x768.jpg\" alt=\"Stv. Kreisjugendfeuerwehrwart Michael Bauer und Wertungsrichter Willi Kr\u00e4mer bei der Befragung der Jugendlichen\" width=\"1024\" height=\"768\" srcset=\"https:\/\/jf-landkreis-vulkaneifel.de\/wp-content\/uploads\/2022\/10\/IMG_8614-1024x768.jpg 1024w, https:\/\/jf-landkreis-vulkaneifel.de\/wp-content\/uploads\/2022\/10\/IMG_8614-550x413.jpg 550w, https:\/\/jf-landkreis-vulkaneifel.de\/wp-content\/uploads\/2022\/10\/IMG_8614-768x576.jpg 768w, https:\/\/jf-landkreis-vulkaneifel.de\/wp-content\/uploads\/2022\/10\/IMG_8614-1280x960.jpg 1280w, https:\/\/jf-landkreis-vulkaneifel.de\/wp-content\/uploads\/2022\/10\/IMG_8614-624x468.jpg 624w\" sizes=\"auto, (max-width: 1024px) 100vw, 1024px\" \/><p id=\"caption-attachment-2084\" class=\"wp-caption-text\">Stv. Kreisjugendfeuerwehrwart Michael Bauer und Wertungsrichter Willi Kr\u00e4mer bei der Befragung der Jugendlichen<\/p><\/div>\n","protected":false},"excerpt":{"rendered":"<p>Gerolstein. Am Samstag, 08.10.2022, fand die Abnahme der Leistungsspange der Deutschen Jugendfeuerwehr mit Teilnehmern aus den Jugendfeuerwehren Densborn und Gerolstein statt.<\/p>\n","protected":false},"author":8,"featured_media":0,"comment_status":"closed","ping_status":"open","sticky":false,"template":"","format":"standard","meta":{"footnotes":""},"categories":[2],"tags":[],"class_list":["post-2081","post","type-post","status-publish","format-standard","hentry","category-aktuelles"],"_links":{"self":[{"href":"https:\/\/jf-landkreis-vulkaneifel.de\/index.php?rest_route=\/wp\/v2\/posts\/2081","targetHints":{"allow":["GET"]}}],"collection":[{"href":"https:\/\/jf-landkreis-vulkaneifel.de\/index.php?rest_route=\/wp\/v2\/posts"}],"about":[{"href":"https:\/\/jf-landkreis-vulkaneifel.de\/index.php?rest_route=\/wp\/v2\/types\/post"}],"author":[{"embeddable":true,"href":"https:\/\/jf-landkreis-vulkaneifel.de\/index.php?rest_route=\/wp\/v2\/users\/8"}],"replies":[{"embeddable":true,"href":"https:\/\/jf-landkreis-vulkaneifel.de\/index.php?rest_route=%2Fwp%2Fv2%2Fcomments&post=2081"}],"version-history":[{"count":10,"href":"https:\/\/jf-landkreis-vulkaneifel.de\/index.php?rest_route=\/wp\/v2\/posts\/2081\/revisions"}],"predecessor-version":[{"id":2125,"href":"https:\/\/jf-landkreis-vulkaneifel.de\/index.php?rest_route=\/wp\/v2\/posts\/2081\/revisions\/2125"}],"wp:attachment":[{"href":"https:\/\/jf-landkreis-vulkaneifel.de\/index.php?rest_route=%2Fwp%2Fv2%2Fmedia&parent=2081"}],"wp:term":[{"taxonomy":"category","embeddable":true,"href":"https:\/\/jf-landkreis-vulkaneifel.de\/index.php?rest_route=%2Fwp%2Fv2%2Fcategories&post=2081"},{"taxonomy":"post_tag","embeddable":true,"href":"https:\/\/jf-landkreis-vulkaneifel.de\/index.php?rest_route=%2Fwp%2Fv2%2Ftags&post=2081"}],"curies":[{"name":"wp","href":"https:\/\/api.w.org\/{rel}","templated":true}]}}