{"id":2172,"date":"2023-07-10T20:40:14","date_gmt":"2023-07-10T18:40:14","guid":{"rendered":"https:\/\/jf-landkreis-vulkaneifel.de\/?p=2172"},"modified":"2024-03-10T19:11:35","modified_gmt":"2024-03-10T17:11:35","slug":"abnahme-der-jugendflamme-stufe-1-3-in-muerlenbach","status":"publish","type":"post","link":"https:\/\/jf-landkreis-vulkaneifel.de\/?p=2172","title":{"rendered":"Abnahme der Jugendflamme Stufe 1-3 in M\u00fcrlenbach"},"content":{"rendered":"\n<p>Am Samstag, 08.07.2023, fand in M\u00fcrlenbach die Abnahme der Jugendflamme in den Stufen 1-3 statt. Insgesamt konnten dabei 146 Abzeichen verliehen werden, die sich auf 94 x Stufe 1, 35 x Stufe 2 und 17 x Stufe 3 aufteilten.<\/p>\n\n\n\n<!--more-->\n\n\n\n<p>Die Jugendflamme ist ein Ausbildungsnachweis in Form eines Abzeichens f\u00fcr Jugendfeuerwehrmitglieder. In aufeinander aufbauenden Stufen k\u00f6nnen diese dabei in jeweils mehreren Disziplinen ihre feuerwehrtechnischen Kenntnisse und Fertigkeiten unter Beweis stellen.<\/p>\n\n\n\n<p>Bei der Stufe 1 mussten die Jugendlichen einen Notruf absetzen, 3 Knoten oder Stiche anfertigen, einen Schlauch auswerfen und wieder einrollen, wasserf\u00fchrende Armaturen benennen und erl\u00e4utern sowie einen Unterflurhydranten mittels des Hinweisschildes aufsuchen.<\/p>\n\n\n\n<p>In der Stufe 2 galt es f\u00fcr die Teilnehmerinnen und Teilnehmer, die Ausr\u00fcstung eines L\u00f6schfahrzeuges zu finden und zu erl\u00e4utern, ein Fahrzeug mit Warndreieck, Leitkegel und Beleuchtungsger\u00e4t abzusichern, ein Standrohr zu setzen und zu sp\u00fclen, 2 B-Druckschl\u00e4uche zu kuppeln und eine Saugleitung aufzubauen.<\/p>\n\n\n\n<p>Den Abschluss der Veranstaltung bildete die Abnahme der Stufe 3. Dabei mussten die Mitglieder in einem L\u00f6schangriff Wasser mithilfe einer Steckleiter \u00fcber einen simulierten Graben legen und einen Schaumangriff aufbauen. Weitere Bestandteile der Abnahme waren ein Erste-Hilfe-Kurs sowie jeweils ein \u00f6kologisches, soziales und kulturelles Projekt, die im Vorfeld durch die Jugendlichen absolviert wurden.<\/p>\n\n\n\n<p>Ein besonderer Dank gilt der Jugendfeuerwehr M\u00fcrlenbach f\u00fcr die Austragung der Veranstaltung und den Wertungsrichterinnen und -richtern f\u00fcr die Betreuung der Stationen.<\/p>\n\n\n\n<figure class=\"wp-block-image size-large\"><img loading=\"lazy\" decoding=\"async\" width=\"1280\" height=\"960\" src=\"https:\/\/jf-landkreis-vulkaneifel.de\/wp-content\/uploads\/2023\/07\/7b48e203-9298-43a0-a3c2-16b3d9ad6866-1280x960.jpg\" alt=\"\" class=\"wp-image-2174\" srcset=\"https:\/\/jf-landkreis-vulkaneifel.de\/wp-content\/uploads\/2023\/07\/7b48e203-9298-43a0-a3c2-16b3d9ad6866-1280x960.jpg 1280w, https:\/\/jf-landkreis-vulkaneifel.de\/wp-content\/uploads\/2023\/07\/7b48e203-9298-43a0-a3c2-16b3d9ad6866-1024x768.jpg 1024w, https:\/\/jf-landkreis-vulkaneifel.de\/wp-content\/uploads\/2023\/07\/7b48e203-9298-43a0-a3c2-16b3d9ad6866-550x413.jpg 550w, https:\/\/jf-landkreis-vulkaneifel.de\/wp-content\/uploads\/2023\/07\/7b48e203-9298-43a0-a3c2-16b3d9ad6866-768x576.jpg 768w, https:\/\/jf-landkreis-vulkaneifel.de\/wp-content\/uploads\/2023\/07\/7b48e203-9298-43a0-a3c2-16b3d9ad6866-1536x1152.jpg 1536w, https:\/\/jf-landkreis-vulkaneifel.de\/wp-content\/uploads\/2023\/07\/7b48e203-9298-43a0-a3c2-16b3d9ad6866-624x468.jpg 624w, https:\/\/jf-landkreis-vulkaneifel.de\/wp-content\/uploads\/2023\/07\/7b48e203-9298-43a0-a3c2-16b3d9ad6866.jpg 2048w\" sizes=\"auto, (max-width: 1280px) 100vw, 1280px\" \/><\/figure>\n\n\n\n<figure class=\"wp-block-image size-large\"><img loading=\"lazy\" decoding=\"async\" width=\"960\" height=\"1280\" src=\"https:\/\/jf-landkreis-vulkaneifel.de\/wp-content\/uploads\/2023\/07\/cd96f0ee-32fb-44a8-9187-c479808d92f0-960x1280.jpg\" alt=\"\" class=\"wp-image-2175\" srcset=\"https:\/\/jf-landkreis-vulkaneifel.de\/wp-content\/uploads\/2023\/07\/cd96f0ee-32fb-44a8-9187-c479808d92f0-960x1280.jpg 960w, https:\/\/jf-landkreis-vulkaneifel.de\/wp-content\/uploads\/2023\/07\/cd96f0ee-32fb-44a8-9187-c479808d92f0-768x1024.jpg 768w, https:\/\/jf-landkreis-vulkaneifel.de\/wp-content\/uploads\/2023\/07\/cd96f0ee-32fb-44a8-9187-c479808d92f0-413x550.jpg 413w, https:\/\/jf-landkreis-vulkaneifel.de\/wp-content\/uploads\/2023\/07\/cd96f0ee-32fb-44a8-9187-c479808d92f0-1152x1536.jpg 1152w, https:\/\/jf-landkreis-vulkaneifel.de\/wp-content\/uploads\/2023\/07\/cd96f0ee-32fb-44a8-9187-c479808d92f0-624x832.jpg 624w, https:\/\/jf-landkreis-vulkaneifel.de\/wp-content\/uploads\/2023\/07\/cd96f0ee-32fb-44a8-9187-c479808d92f0.jpg 1536w\" sizes=\"auto, (max-width: 960px) 100vw, 960px\" \/><\/figure>\n\n\n\n<figure class=\"wp-block-image size-large\"><img loading=\"lazy\" decoding=\"async\" width=\"1280\" height=\"960\" src=\"https:\/\/jf-landkreis-vulkaneifel.de\/wp-content\/uploads\/2023\/07\/7e05acff-7a6b-4bef-ab2d-b7e02c608e5e-1280x960.jpg\" alt=\"\" class=\"wp-image-2176\" srcset=\"https:\/\/jf-landkreis-vulkaneifel.de\/wp-content\/uploads\/2023\/07\/7e05acff-7a6b-4bef-ab2d-b7e02c608e5e-1280x960.jpg 1280w, https:\/\/jf-landkreis-vulkaneifel.de\/wp-content\/uploads\/2023\/07\/7e05acff-7a6b-4bef-ab2d-b7e02c608e5e-1024x768.jpg 1024w, https:\/\/jf-landkreis-vulkaneifel.de\/wp-content\/uploads\/2023\/07\/7e05acff-7a6b-4bef-ab2d-b7e02c608e5e-550x413.jpg 550w, https:\/\/jf-landkreis-vulkaneifel.de\/wp-content\/uploads\/2023\/07\/7e05acff-7a6b-4bef-ab2d-b7e02c608e5e-768x576.jpg 768w, https:\/\/jf-landkreis-vulkaneifel.de\/wp-content\/uploads\/2023\/07\/7e05acff-7a6b-4bef-ab2d-b7e02c608e5e-1536x1152.jpg 1536w, https:\/\/jf-landkreis-vulkaneifel.de\/wp-content\/uploads\/2023\/07\/7e05acff-7a6b-4bef-ab2d-b7e02c608e5e-624x468.jpg 624w, https:\/\/jf-landkreis-vulkaneifel.de\/wp-content\/uploads\/2023\/07\/7e05acff-7a6b-4bef-ab2d-b7e02c608e5e.jpg 2048w\" sizes=\"auto, (max-width: 1280px) 100vw, 1280px\" \/><\/figure>\n\n\n\n<figure class=\"wp-block-image size-large\"><img loading=\"lazy\" decoding=\"async\" width=\"1280\" height=\"960\" src=\"https:\/\/jf-landkreis-vulkaneifel.de\/wp-content\/uploads\/2023\/07\/bfa4d757-376d-4d7a-a9ef-2d441e20d7f3-1280x960.jpg\" alt=\"\" class=\"wp-image-2177\" srcset=\"https:\/\/jf-landkreis-vulkaneifel.de\/wp-content\/uploads\/2023\/07\/bfa4d757-376d-4d7a-a9ef-2d441e20d7f3-1280x960.jpg 1280w, https:\/\/jf-landkreis-vulkaneifel.de\/wp-content\/uploads\/2023\/07\/bfa4d757-376d-4d7a-a9ef-2d441e20d7f3-1024x768.jpg 1024w, https:\/\/jf-landkreis-vulkaneifel.de\/wp-content\/uploads\/2023\/07\/bfa4d757-376d-4d7a-a9ef-2d441e20d7f3-550x413.jpg 550w, https:\/\/jf-landkreis-vulkaneifel.de\/wp-content\/uploads\/2023\/07\/bfa4d757-376d-4d7a-a9ef-2d441e20d7f3-768x576.jpg 768w, https:\/\/jf-landkreis-vulkaneifel.de\/wp-content\/uploads\/2023\/07\/bfa4d757-376d-4d7a-a9ef-2d441e20d7f3-1536x1152.jpg 1536w, https:\/\/jf-landkreis-vulkaneifel.de\/wp-content\/uploads\/2023\/07\/bfa4d757-376d-4d7a-a9ef-2d441e20d7f3-624x468.jpg 624w, https:\/\/jf-landkreis-vulkaneifel.de\/wp-content\/uploads\/2023\/07\/bfa4d757-376d-4d7a-a9ef-2d441e20d7f3.jpg 2048w\" sizes=\"auto, (max-width: 1280px) 100vw, 1280px\" \/><\/figure>\n","protected":false},"excerpt":{"rendered":"<p>Am Samstag, 08.07.2023, fand in M\u00fcrlenbach die Abnahme der Jugendflamme in den Stufen 1-3 statt. Insgesamt konnten dabei 146 Abzeichen verliehen werden, die sich auf 94 x Stufe 1, 35 x Stufe 2 und 17 x Stufe 3 aufteilten.<\/p>\n","protected":false},"author":8,"featured_media":0,"comment_status":"closed","ping_status":"open","sticky":false,"template":"","format":"standard","meta":{"footnotes":""},"categories":[2],"tags":[23,10],"class_list":["post-2172","post","type-post","status-publish","format-standard","hentry","category-aktuelles","tag-jugendfeuerwehr","tag-jugendflamme"],"_links":{"self":[{"href":"https:\/\/jf-landkreis-vulkaneifel.de\/index.php?rest_route=\/wp\/v2\/posts\/2172","targetHints":{"allow":["GET"]}}],"collection":[{"href":"https:\/\/jf-landkreis-vulkaneifel.de\/index.php?rest_route=\/wp\/v2\/posts"}],"about":[{"href":"https:\/\/jf-landkreis-vulkaneifel.de\/index.php?rest_route=\/wp\/v2\/types\/post"}],"author":[{"embeddable":true,"href":"https:\/\/jf-landkreis-vulkaneifel.de\/index.php?rest_route=\/wp\/v2\/users\/8"}],"replies":[{"embeddable":true,"href":"https:\/\/jf-landkreis-vulkaneifel.de\/index.php?rest_route=%2Fwp%2Fv2%2Fcomments&post=2172"}],"version-history":[{"count":4,"href":"https:\/\/jf-landkreis-vulkaneifel.de\/index.php?rest_route=\/wp\/v2\/posts\/2172\/revisions"}],"predecessor-version":[{"id":2202,"href":"https:\/\/jf-landkreis-vulkaneifel.de\/index.php?rest_route=\/wp\/v2\/posts\/2172\/revisions\/2202"}],"wp:attachment":[{"href":"https:\/\/jf-landkreis-vulkaneifel.de\/index.php?rest_route=%2Fwp%2Fv2%2Fmedia&parent=2172"}],"wp:term":[{"taxonomy":"category","embeddable":true,"href":"https:\/\/jf-landkreis-vulkaneifel.de\/index.php?rest_route=%2Fwp%2Fv2%2Fcategories&post=2172"},{"taxonomy":"post_tag","embeddable":true,"href":"https:\/\/jf-landkreis-vulkaneifel.de\/index.php?rest_route=%2Fwp%2Fv2%2Ftags&post=2172"}],"curies":[{"name":"wp","href":"https:\/\/api.w.org\/{rel}","templated":true}]}}