{"id":64,"date":"2015-03-22T12:00:06","date_gmt":"2015-03-22T10:00:06","guid":{"rendered":"http:\/\/jf-landkreis-vulkaneifel.de\/?p=64"},"modified":"2015-03-22T15:52:22","modified_gmt":"2015-03-22T13:52:22","slug":"neue-internetseite-online","status":"publish","type":"post","link":"https:\/\/jf-landkreis-vulkaneifel.de\/?p=64","title":{"rendered":"Neue Internetseite online!"},"content":{"rendered":"<p>Wir haben unsere Internetseite neu aufgesetzt. Sie bietet nun viele neue Features, die das Surfen auf unserer Seite verbessern sollen:<\/p>\n<ul>\n<li>Die Internetseite ist sowohl f\u00fcr mobile Ger\u00e4te als auch f\u00fcr Desktop-Rechner geeignet.<\/li>\n<li>Ihr k\u00f6nnt alle Artikel aus der Rubrik &#8222;Aktuelles&#8220; als RSS-Feed abonnieren und verpasst so keine Neuigkeiten mehr.<\/li>\n<li>\u00dcber die Social Plugins k\u00f6nnt ihr unsere Beitr\u00e4ge direkt twittern und euren Freunden bei Facebook zeigen.<\/li>\n<li>Es gibt viele Fotos zu den Texten.<\/li>\n<li>Der Download-Bereich ist neu strukturiert worden.<\/li>\n<\/ul>\n<p>Wir w\u00fcnschen euch viel Spa\u00df auf unserer neuen Internetseite!<\/p>\n","protected":false},"excerpt":{"rendered":"<p>Wir haben unsere Internetseite neu aufgesetzt. Sie bietet nun viele neue Features, die das Surfen auf unserer Seite verbessern sollen: Die Internetseite ist sowohl f\u00fcr mobile Ger\u00e4te als auch f\u00fcr Desktop-Rechner geeignet. Ihr k\u00f6nnt alle Artikel aus der Rubrik &#8222;Aktuelles&#8220; als RSS-Feed abonnieren und verpasst so keine Neuigkeiten mehr. \u00dcber die Social Plugins k\u00f6nnt ihr [&hellip;]<\/p>\n","protected":false},"author":5,"featured_media":0,"comment_status":"closed","ping_status":"open","sticky":false,"template":"","format":"standard","meta":{"footnotes":""},"categories":[2],"tags":[12],"class_list":["post-64","post","type-post","status-publish","format-standard","hentry","category-aktuelles","tag-internetseite"],"_links":{"self":[{"href":"https:\/\/jf-landkreis-vulkaneifel.de\/index.php?rest_route=\/wp\/v2\/posts\/64","targetHints":{"allow":["GET"]}}],"collection":[{"href":"https:\/\/jf-landkreis-vulkaneifel.de\/index.php?rest_route=\/wp\/v2\/posts"}],"about":[{"href":"https:\/\/jf-landkreis-vulkaneifel.de\/index.php?rest_route=\/wp\/v2\/types\/post"}],"author":[{"embeddable":true,"href":"https:\/\/jf-landkreis-vulkaneifel.de\/index.php?rest_route=\/wp\/v2\/users\/5"}],"replies":[{"embeddable":true,"href":"https:\/\/jf-landkreis-vulkaneifel.de\/index.php?rest_route=%2Fwp%2Fv2%2Fcomments&post=64"}],"version-history":[{"count":6,"href":"https:\/\/jf-landkreis-vulkaneifel.de\/index.php?rest_route=\/wp\/v2\/posts\/64\/revisions"}],"predecessor-version":[{"id":304,"href":"https:\/\/jf-landkreis-vulkaneifel.de\/index.php?rest_route=\/wp\/v2\/posts\/64\/revisions\/304"}],"wp:attachment":[{"href":"https:\/\/jf-landkreis-vulkaneifel.de\/index.php?rest_route=%2Fwp%2Fv2%2Fmedia&parent=64"}],"wp:term":[{"taxonomy":"category","embeddable":true,"href":"https:\/\/jf-landkreis-vulkaneifel.de\/index.php?rest_route=%2Fwp%2Fv2%2Fcategories&post=64"},{"taxonomy":"post_tag","embeddable":true,"href":"https:\/\/jf-landkreis-vulkaneifel.de\/index.php?rest_route=%2Fwp%2Fv2%2Ftags&post=64"}],"curies":[{"name":"wp","href":"https:\/\/api.w.org\/{rel}","templated":true}]}}