{"id":663,"date":"2014-10-08T23:46:52","date_gmt":"2014-10-08T21:46:52","guid":{"rendered":"http:\/\/jf-landkreis-vulkaneifel.de\/?p=663"},"modified":"2014-10-19T20:55:42","modified_gmt":"2014-10-19T18:55:42","slug":"gemeinsames-grundsatzpapier-des-lfv-und-des-gstb","status":"publish","type":"post","link":"https:\/\/jf-landkreis-vulkaneifel.de\/?p=663","title":{"rendered":"Gemeinsames Grundsatzpapier des LFV und des GStB"},"content":{"rendered":"<p><strong>Gemeinsames Grundsatzpapier des LFV und des GStB<\/strong><b> zur k\u00fcnftigen Sicherstellung des Brandschutzes, der Allgemeinen Hilfe und des Katastrophenschutzes<\/b><\/p>\n<p>Der Landesfeuerwehrverband und der Gemeinde- und St\u00e4dtebund haben gemeinsam ein Grundsatzpapier zur k\u00fcnftigen Sicherstellung des Brandschutzes, der Allgemeinen Hilfe und des Katastrophenschutzes erarbeitet. Das Grundsatzpapier stellt verschiedene Faktoren und Ursachen dar und f\u00fchrt beispielhaft m\u00f6gliche L\u00f6sungswege auf.<\/p>\n<p><a title=\"Gemeinsames Grundsatzpapier des LFV und des GStB\" href=\"http:\/\/www.gstb-rlp.de\/gstbrp\/Aktuell\/Aktuell\/2014\/Gemeinsames%20Grundsatzpapier%20des%20LFV%20und%20des%20GStB%20zur%20k%C3%BCnftigen%20Sicherstellung%20des%20Brandschutzes,%20der%20Allgemeinen%20Hilfe%20und%20des%20Katastrophenschutzes\/\" target=\"_blank\">Gemeinsames Grundsatzpapier des LFV und des GStB<\/a><\/p>\n","protected":false},"excerpt":{"rendered":"<p>Gemeinsames Grundsatzpapier des LFV und des GStB zur k\u00fcnftigen Sicherstellung des Brandschutzes, der Allgemeinen Hilfe und des Katastrophenschutzes Der Landesfeuerwehrverband und der Gemeinde- und St\u00e4dtebund haben gemeinsam ein Grundsatzpapier zur k\u00fcnftigen Sicherstellung des Brandschutzes, der Allgemeinen Hilfe und des Katastrophenschutzes erarbeitet. Das Grundsatzpapier stellt verschiedene Faktoren und Ursachen dar und f\u00fchrt beispielhaft m\u00f6gliche L\u00f6sungswege auf. [&hellip;]<\/p>\n","protected":false},"author":5,"featured_media":0,"comment_status":"closed","ping_status":"open","sticky":false,"template":"","format":"standard","meta":{"footnotes":""},"categories":[2],"tags":[],"class_list":["post-663","post","type-post","status-publish","format-standard","hentry","category-aktuelles"],"_links":{"self":[{"href":"https:\/\/jf-landkreis-vulkaneifel.de\/index.php?rest_route=\/wp\/v2\/posts\/663","targetHints":{"allow":["GET"]}}],"collection":[{"href":"https:\/\/jf-landkreis-vulkaneifel.de\/index.php?rest_route=\/wp\/v2\/posts"}],"about":[{"href":"https:\/\/jf-landkreis-vulkaneifel.de\/index.php?rest_route=\/wp\/v2\/types\/post"}],"author":[{"embeddable":true,"href":"https:\/\/jf-landkreis-vulkaneifel.de\/index.php?rest_route=\/wp\/v2\/users\/5"}],"replies":[{"embeddable":true,"href":"https:\/\/jf-landkreis-vulkaneifel.de\/index.php?rest_route=%2Fwp%2Fv2%2Fcomments&post=663"}],"version-history":[{"count":4,"href":"https:\/\/jf-landkreis-vulkaneifel.de\/index.php?rest_route=\/wp\/v2\/posts\/663\/revisions"}],"predecessor-version":[{"id":692,"href":"https:\/\/jf-landkreis-vulkaneifel.de\/index.php?rest_route=\/wp\/v2\/posts\/663\/revisions\/692"}],"wp:attachment":[{"href":"https:\/\/jf-landkreis-vulkaneifel.de\/index.php?rest_route=%2Fwp%2Fv2%2Fmedia&parent=663"}],"wp:term":[{"taxonomy":"category","embeddable":true,"href":"https:\/\/jf-landkreis-vulkaneifel.de\/index.php?rest_route=%2Fwp%2Fv2%2Fcategories&post=663"},{"taxonomy":"post_tag","embeddable":true,"href":"https:\/\/jf-landkreis-vulkaneifel.de\/index.php?rest_route=%2Fwp%2Fv2%2Ftags&post=663"}],"curies":[{"name":"wp","href":"https:\/\/api.w.org\/{rel}","templated":true}]}}