{"id":680,"date":"2014-11-14T12:00:05","date_gmt":"2014-11-14T10:00:05","guid":{"rendered":"http:\/\/jf-landkreis-vulkaneifel.de\/?p=680"},"modified":"2015-03-22T15:57:30","modified_gmt":"2015-03-22T13:57:30","slug":"21-nov-2014-sitzung-kreisjugendfeuwehrausschuss","status":"publish","type":"post","link":"https:\/\/jf-landkreis-vulkaneifel.de\/?p=680","title":{"rendered":"21. Nov. 2014 &#8211; Sitzung Kreisjugendfeuwehrausschu\u00df"},"content":{"rendered":"<p>Am Freitag den 21. Nov. 2014 findet unsere j\u00e4hrliche Sitzung des Kreisjugendfeuerwehrausschu\u00df mit Jugendfeuerwehrwarten, Kreisfeuerwehrinspekteur und Wehrleiternstatt.<\/p>\n<p>Treffpunkt ist das Feuerwehrger\u00e4tehaus in Gerolstein um 19:00 Uhr!<\/p>\n","protected":false},"excerpt":{"rendered":"<p>Am Freitag den 21. Nov. 2014 findet unsere j\u00e4hrliche Sitzung des Kreisjugendfeuerwehrausschu\u00df mit Jugendfeuerwehrwarten, Kreisfeuerwehrinspekteur und Wehrleiternstatt. Treffpunkt ist das Feuerwehrger\u00e4tehaus in Gerolstein um 19:00 Uhr!<\/p>\n","protected":false},"author":5,"featured_media":0,"comment_status":"closed","ping_status":"open","sticky":false,"template":"","format":"standard","meta":{"footnotes":""},"categories":[9],"tags":[14],"class_list":["post-680","post","type-post","status-publish","format-standard","hentry","category-termine","tag-kreisjugendfeuwehrausschuss"],"_links":{"self":[{"href":"https:\/\/jf-landkreis-vulkaneifel.de\/index.php?rest_route=\/wp\/v2\/posts\/680","targetHints":{"allow":["GET"]}}],"collection":[{"href":"https:\/\/jf-landkreis-vulkaneifel.de\/index.php?rest_route=\/wp\/v2\/posts"}],"about":[{"href":"https:\/\/jf-landkreis-vulkaneifel.de\/index.php?rest_route=\/wp\/v2\/types\/post"}],"author":[{"embeddable":true,"href":"https:\/\/jf-landkreis-vulkaneifel.de\/index.php?rest_route=\/wp\/v2\/users\/5"}],"replies":[{"embeddable":true,"href":"https:\/\/jf-landkreis-vulkaneifel.de\/index.php?rest_route=%2Fwp%2Fv2%2Fcomments&post=680"}],"version-history":[{"count":1,"href":"https:\/\/jf-landkreis-vulkaneifel.de\/index.php?rest_route=\/wp\/v2\/posts\/680\/revisions"}],"predecessor-version":[{"id":681,"href":"https:\/\/jf-landkreis-vulkaneifel.de\/index.php?rest_route=\/wp\/v2\/posts\/680\/revisions\/681"}],"wp:attachment":[{"href":"https:\/\/jf-landkreis-vulkaneifel.de\/index.php?rest_route=%2Fwp%2Fv2%2Fmedia&parent=680"}],"wp:term":[{"taxonomy":"category","embeddable":true,"href":"https:\/\/jf-landkreis-vulkaneifel.de\/index.php?rest_route=%2Fwp%2Fv2%2Fcategories&post=680"},{"taxonomy":"post_tag","embeddable":true,"href":"https:\/\/jf-landkreis-vulkaneifel.de\/index.php?rest_route=%2Fwp%2Fv2%2Ftags&post=680"}],"curies":[{"name":"wp","href":"https:\/\/api.w.org\/{rel}","templated":true}]}}