{"id":724,"date":"2014-10-19T12:00:13","date_gmt":"2014-10-19T10:00:13","guid":{"rendered":"http:\/\/jf-landkreis-vulkaneifel.de\/?p=724"},"modified":"2015-03-22T15:58:49","modified_gmt":"2015-03-22T13:58:49","slug":"jugendflamme-stufe-3-in-muerlenbach-am-19-okt-2014","status":"publish","type":"post","link":"https:\/\/jf-landkreis-vulkaneifel.de\/?p=724","title":{"rendered":"Jugendflamme Stufe 3 in M\u00fcrlenbach am 19. Okt. 2014"},"content":{"rendered":"<p>Abnahme der Jugendflamme Stufe 3 am 19. Oktober 2014 in M\u00fcrlenbach.<\/p>\n<p>Die Jugendlichen aus den Jugendfeuewehren M\u00fcrlenbach und Gerolstein haben die geforderten \u00dcbungen aus dem Bereich Feuerwehrtechnik hervorragend gemeistert!<\/p>\n<p>Die 1. \u00dcbung hatte zur Aufgabe einen L\u00f6schangriff \u00fcber einen Wassergraben mit einer Leiter. Die 2. \u00dcbung war ein L\u00f6schangriff mit einem Schaumrohr.<\/p>\n<div id=\"attachment_700\" style=\"width: 560px\" class=\"wp-caption alignnone\"><a title=\"Jugendflamme Stufe 3 in M\u00fcrlenbach am 19. Okt. 2014\" href=\"https:\/\/jf-landkreis-vulkaneifel.de\/?page_id=720\"><img loading=\"lazy\" decoding=\"async\" aria-describedby=\"caption-attachment-700\" class=\"wp-image-700 size-thumbnail\" src=\"https:\/\/jf-landkreis-vulkaneifel.de\/wp-content\/uploads\/2014\/10\/14-10-19-Jugendflamme-Stufe-3-Muerlenbach-3-550x366.jpg\" alt=\"Sp\u00fclen des Standrohr am Hydrant\" width=\"550\" height=\"366\" srcset=\"https:\/\/jf-landkreis-vulkaneifel.de\/wp-content\/uploads\/2014\/10\/14-10-19-Jugendflamme-Stufe-3-Muerlenbach-3-550x366.jpg 550w, https:\/\/jf-landkreis-vulkaneifel.de\/wp-content\/uploads\/2014\/10\/14-10-19-Jugendflamme-Stufe-3-Muerlenbach-3-624x416.jpg 624w, https:\/\/jf-landkreis-vulkaneifel.de\/wp-content\/uploads\/2014\/10\/14-10-19-Jugendflamme-Stufe-3-Muerlenbach-3.jpg 1024w\" sizes=\"auto, (max-width: 550px) 100vw, 550px\" \/><\/a><p id=\"caption-attachment-700\" class=\"wp-caption-text\">Sp\u00fclen des Standrohr am Hydrant<\/p><\/div>\n","protected":false},"excerpt":{"rendered":"<p>Abnahme der Jugendflamme Stufe 3 am 19. Oktober 2014 in M\u00fcrlenbach. Die Jugendlichen aus den Jugendfeuewehren M\u00fcrlenbach und Gerolstein haben die geforderten \u00dcbungen aus dem Bereich Feuerwehrtechnik hervorragend gemeistert! Die 1. \u00dcbung hatte zur Aufgabe einen L\u00f6schangriff \u00fcber einen Wassergraben mit einer Leiter. Die 2. \u00dcbung war ein L\u00f6schangriff mit einem Schaumrohr.<\/p>\n","protected":false},"author":5,"featured_media":700,"comment_status":"closed","ping_status":"open","sticky":false,"template":"","format":"standard","meta":{"footnotes":""},"categories":[2],"tags":[10],"class_list":["post-724","post","type-post","status-publish","format-standard","has-post-thumbnail","hentry","category-aktuelles","tag-jugendflamme"],"_links":{"self":[{"href":"https:\/\/jf-landkreis-vulkaneifel.de\/index.php?rest_route=\/wp\/v2\/posts\/724","targetHints":{"allow":["GET"]}}],"collection":[{"href":"https:\/\/jf-landkreis-vulkaneifel.de\/index.php?rest_route=\/wp\/v2\/posts"}],"about":[{"href":"https:\/\/jf-landkreis-vulkaneifel.de\/index.php?rest_route=\/wp\/v2\/types\/post"}],"author":[{"embeddable":true,"href":"https:\/\/jf-landkreis-vulkaneifel.de\/index.php?rest_route=\/wp\/v2\/users\/5"}],"replies":[{"embeddable":true,"href":"https:\/\/jf-landkreis-vulkaneifel.de\/index.php?rest_route=%2Fwp%2Fv2%2Fcomments&post=724"}],"version-history":[{"count":4,"href":"https:\/\/jf-landkreis-vulkaneifel.de\/index.php?rest_route=\/wp\/v2\/posts\/724\/revisions"}],"predecessor-version":[{"id":757,"href":"https:\/\/jf-landkreis-vulkaneifel.de\/index.php?rest_route=\/wp\/v2\/posts\/724\/revisions\/757"}],"wp:featuredmedia":[{"embeddable":true,"href":"https:\/\/jf-landkreis-vulkaneifel.de\/index.php?rest_route=\/wp\/v2\/media\/700"}],"wp:attachment":[{"href":"https:\/\/jf-landkreis-vulkaneifel.de\/index.php?rest_route=%2Fwp%2Fv2%2Fmedia&parent=724"}],"wp:term":[{"taxonomy":"category","embeddable":true,"href":"https:\/\/jf-landkreis-vulkaneifel.de\/index.php?rest_route=%2Fwp%2Fv2%2Fcategories&post=724"},{"taxonomy":"post_tag","embeddable":true,"href":"https:\/\/jf-landkreis-vulkaneifel.de\/index.php?rest_route=%2Fwp%2Fv2%2Ftags&post=724"}],"curies":[{"name":"wp","href":"https:\/\/api.w.org\/{rel}","templated":true}]}}