{"id":853,"date":"2015-02-28T11:00:40","date_gmt":"2015-02-28T09:00:40","guid":{"rendered":"http:\/\/jf-landkreis-vulkaneifel.de\/?p=853"},"modified":"2015-03-22T15:54:09","modified_gmt":"2015-03-22T13:54:09","slug":"spiel-spass-und-fairplay-voelkerballturnier-2015","status":"publish","type":"post","link":"https:\/\/jf-landkreis-vulkaneifel.de\/?p=853","title":{"rendered":"Spiel, Spa\u00df und Fairplay &#8211; V\u00f6lkerballturnier 2015"},"content":{"rendered":"<p>Am Samstag den 28.02.2015 war es wieder soweit f\u00fcr das j\u00e4hrliche V\u00f6lkerballturnier der Jugendfeuerwehren des Landkreises Vulkaneifel. In der Wehrb\u00fcschhalle in Daun ging es bereits in den Vorrundenspielen hei\u00df her und die Zuschauer sahen einige spannende Spiele der Insgesamt 280 Jugendlichen aus 30 Jugendfeuerwehren. Wie jedes Jahr haben sich einige Jugendfeuerwehren zu Spielgemeinschaften zusammengeschlossen. Die Jugendlichen hatten jede Menge Spa\u00df und waren mit vollem Elan dabei. Fair Play wurde w\u00e4hrend den Spielen gro\u00df geschrieben. Nach einer mitrei\u00dfenden Endrunde, trafen im Finale die Jugendfeuerwehren Birresborn und Waldk\u00f6nigen aufeinander. In einem spannenden Spiel gewann schlie\u00dflich die Jugendfeuerwehr Waldk\u00f6nigen das diesj\u00e4hrige Turnier. Beim Spiel um Platz 3 konnte sich die Jugendfeuerwehr Bongard\/Bodenbach gegen die Jugendfeuerwehren aus B\u00fcscheich\/Birresborn durchsetzen. Kreisjugendfeuerwehrwart Harald Schmitz und sein Team waren sehr zufrieden mit dem Verlauf des Turniers. F\u00fcr das Leiblich wohl sorgten in diesem Jahr die Jugendfeuerwehren aus dem P\u00fctzbachtal.<\/p>\n<p><a title=\"V\u00f6lkerballturnier 2015\" href=\"https:\/\/jf-landkreis-vulkaneifel.de\/?page_id=848\">Bildergalerie<\/a><\/p>\n<div id=\"attachment_844\" style=\"width: 560px\" class=\"wp-caption alignnone\"><a title=\"V\u00f6lkerballturnier 2015\" href=\"https:\/\/jf-landkreis-vulkaneifel.de\/?page_id=848\"><img loading=\"lazy\" decoding=\"async\" aria-describedby=\"caption-attachment-844\" class=\"size-thumbnail wp-image-844\" src=\"https:\/\/jf-landkreis-vulkaneifel.de\/wp-content\/uploads\/2015\/03\/JF-Vulkaneifel-Voelkerballturnier-2015-08-550x367.jpg\" alt=\"Finalspiel V\u00f6lkerballturnier 2015\" width=\"550\" height=\"367\" srcset=\"https:\/\/jf-landkreis-vulkaneifel.de\/wp-content\/uploads\/2015\/03\/JF-Vulkaneifel-Voelkerballturnier-2015-08-550x367.jpg 550w, https:\/\/jf-landkreis-vulkaneifel.de\/wp-content\/uploads\/2015\/03\/JF-Vulkaneifel-Voelkerballturnier-2015-08.jpg 1024w, https:\/\/jf-landkreis-vulkaneifel.de\/wp-content\/uploads\/2015\/03\/JF-Vulkaneifel-Voelkerballturnier-2015-08-624x416.jpg 624w\" sizes=\"auto, (max-width: 550px) 100vw, 550px\" \/><\/a><p id=\"caption-attachment-844\" class=\"wp-caption-text\">Finalspiel V\u00f6lkerballturnier 2015<\/p><\/div>\n","protected":false},"excerpt":{"rendered":"<p>Am Samstag den 28.02.2015 war es wieder soweit f\u00fcr das j\u00e4hrliche V\u00f6lkerballturnier der Jugendfeuerwehren des Landkreises Vulkaneifel. In der Wehrb\u00fcschhalle in Daun ging es bereits in den Vorrundenspielen hei\u00df her und die Zuschauer sahen einige spannende Spiele der Insgesamt 280 Jugendlichen aus 30 Jugendfeuerwehren. Wie jedes Jahr haben sich einige Jugendfeuerwehren zu Spielgemeinschaften zusammengeschlossen. Die [&hellip;]<\/p>\n","protected":false},"author":5,"featured_media":0,"comment_status":"closed","ping_status":"open","sticky":false,"template":"","format":"standard","meta":{"footnotes":""},"categories":[2],"tags":[13],"class_list":["post-853","post","type-post","status-publish","format-standard","hentry","category-aktuelles","tag-voelkerballturnier"],"_links":{"self":[{"href":"https:\/\/jf-landkreis-vulkaneifel.de\/index.php?rest_route=\/wp\/v2\/posts\/853","targetHints":{"allow":["GET"]}}],"collection":[{"href":"https:\/\/jf-landkreis-vulkaneifel.de\/index.php?rest_route=\/wp\/v2\/posts"}],"about":[{"href":"https:\/\/jf-landkreis-vulkaneifel.de\/index.php?rest_route=\/wp\/v2\/types\/post"}],"author":[{"embeddable":true,"href":"https:\/\/jf-landkreis-vulkaneifel.de\/index.php?rest_route=\/wp\/v2\/users\/5"}],"replies":[{"embeddable":true,"href":"https:\/\/jf-landkreis-vulkaneifel.de\/index.php?rest_route=%2Fwp%2Fv2%2Fcomments&post=853"}],"version-history":[{"count":4,"href":"https:\/\/jf-landkreis-vulkaneifel.de\/index.php?rest_route=\/wp\/v2\/posts\/853\/revisions"}],"predecessor-version":[{"id":858,"href":"https:\/\/jf-landkreis-vulkaneifel.de\/index.php?rest_route=\/wp\/v2\/posts\/853\/revisions\/858"}],"wp:attachment":[{"href":"https:\/\/jf-landkreis-vulkaneifel.de\/index.php?rest_route=%2Fwp%2Fv2%2Fmedia&parent=853"}],"wp:term":[{"taxonomy":"category","embeddable":true,"href":"https:\/\/jf-landkreis-vulkaneifel.de\/index.php?rest_route=%2Fwp%2Fv2%2Fcategories&post=853"},{"taxonomy":"post_tag","embeddable":true,"href":"https:\/\/jf-landkreis-vulkaneifel.de\/index.php?rest_route=%2Fwp%2Fv2%2Ftags&post=853"}],"curies":[{"name":"wp","href":"https:\/\/api.w.org\/{rel}","templated":true}]}}