{"id":871,"date":"2015-03-29T14:04:20","date_gmt":"2015-03-29T12:04:20","guid":{"rendered":"http:\/\/jf-landkreis-vulkaneifel.de\/?p=871"},"modified":"2025-06-16T22:10:13","modified_gmt":"2025-06-16T20:10:13","slug":"kreisjugendfeuerwehrtag-2015-in-steffeln","status":"publish","type":"post","link":"https:\/\/jf-landkreis-vulkaneifel.de\/?p=871","title":{"rendered":"Kreisjugendfeuerwehrtag 2015 in Steffeln"},"content":{"rendered":"<p>Steffeln (Fr. 27.03.2015) | Der Delegiertentag des Kreisjugendfeuerwehrverbandes Landkreis Vulkaneifel fand in diesem Jahr in Steffeln statt. Kreisjugendfeuerwehrwart Harald Schmitz begr\u00fc\u00dfte neben zahlreichen Ehreng\u00e4sten die 69 Delegierten aus den verschiedenen Jugendfeuerwehren des Landkreises Vulkaneifel. Die Jugendlichen erhielten Informationen zur finanziellen Situation der Jugendfeuerwehr sowie den aktuellen Mitgliedszahlen und Entwicklungen der letzten beiden Jahre. Im Landkreis Vulkaneifel sind zurzeit 116 M\u00e4dchen und 349 Jungen in 41 Jugendfeuerwehren aktiv. Ebenso wurden die Kreisveranstaltungen wie das V\u00f6lkerballturnier, der Wandertag, die Abnahme der Jugendflamme 1,2 und 3 sowie der Tag der Jugendfeuerwehren nochmal Revue passieren gelassen. Bernd Loch, Bildungsreferent der Jugendfeuerwehr Rheinland-Pfalz, gab den Anwesenden als Gastredner einen Einblick zum aktuellen Thema des erweiterten F\u00fchrungszeugnis f\u00fcr Betreuer und Jugendwarte in der Jugendfeuerwehr. Im Anschlu\u00df daran standen einige Neuwahlen auf dem Programm. Ottmar Plein wurde als Kassenwart wiedergew\u00e4hlt, Jenny M\u00fcller als M\u00e4dchenvertreterin, Willi Kr\u00e4mer als Beisitzer der VG Kelberg, Udo Cornesse als Beisitzer der Einzelmitglieder, Dieter G\u00f6tten als Beisitzer der VG Daun und Torsten Jakobs l\u00f6st Rene Finken als neue Beisitzer der VG Hillesheim ab. Der Delegiertentag wurde auch als Rahmen genutzt, um einige Jugendwarte f\u00fcr Ihre langj\u00e4hrige ehrenamtliche T\u00e4tigkeit zu Ehren. Joachim R\u00f6mer (Immerath) und Dirk G\u00f6tten (Daun) wurde die Ehrennadel der Jugendfeuerwehr Vulkaneifel in Bronze verliehen. Dar\u00fcber hinaus wurde Michael Gr\u00f6hsges (Pelm), Peter Michels (G\u00f6nnersdorf) und Joachim Ziegler (stlv. Kreisjugendfeuerwehrwart) die Ehrennadel der Jugendfeuerwehr Rheinland-Pfalz f\u00fcr besondere Verdienste in der Jugendfeuerwehr verliehen. Als letzten Punkt konnte die neu gestaltete Homepage der Jugendfeuerwehr Vulkaneifel pr\u00e4sentiert werden. Alles in allem war es ein gelungener Abend f\u00fcr die Jugendfeuerwehr im Landkreis Vulkaneifel. (jz)<\/p>\n<div id=\"attachment_874\" style=\"width: 560px\" class=\"wp-caption alignnone\"><a href=\"https:\/\/jf-landkreis-vulkaneifel.de\/wp-content\/uploads\/2015\/03\/IMG_3150.jpg\"><img loading=\"lazy\" decoding=\"async\" aria-describedby=\"caption-attachment-874\" class=\"wp-image-874 size-thumbnail\" src=\"https:\/\/jf-landkreis-vulkaneifel.de\/wp-content\/uploads\/2015\/03\/IMG_3150-550x413.jpg\" alt=\"Delegiertentag JF LK Vulkaneifel\" width=\"550\" height=\"413\" srcset=\"https:\/\/jf-landkreis-vulkaneifel.de\/wp-content\/uploads\/2015\/03\/IMG_3150-550x413.jpg 550w, https:\/\/jf-landkreis-vulkaneifel.de\/wp-content\/uploads\/2015\/03\/IMG_3150.jpg 1024w, https:\/\/jf-landkreis-vulkaneifel.de\/wp-content\/uploads\/2015\/03\/IMG_3150-624x468.jpg 624w\" sizes=\"auto, (max-width: 550px) 100vw, 550px\" \/><\/a><p id=\"caption-attachment-874\" class=\"wp-caption-text\">Delegiertentag JF LK Vulkaneifel<\/p><\/div>\n<div id=\"attachment_875\" style=\"width: 560px\" class=\"wp-caption alignnone\"><a href=\"https:\/\/jf-landkreis-vulkaneifel.de\/wp-content\/uploads\/2015\/03\/IMG_3154.jpg\"><img loading=\"lazy\" decoding=\"async\" aria-describedby=\"caption-attachment-875\" class=\"size-thumbnail wp-image-875\" src=\"https:\/\/jf-landkreis-vulkaneifel.de\/wp-content\/uploads\/2015\/03\/IMG_3154-550x413.jpg\" alt=\"Ehrungen Delegiertentag JF LK Vulkaneifel\" width=\"550\" height=\"413\" srcset=\"https:\/\/jf-landkreis-vulkaneifel.de\/wp-content\/uploads\/2015\/03\/IMG_3154-550x413.jpg 550w, https:\/\/jf-landkreis-vulkaneifel.de\/wp-content\/uploads\/2015\/03\/IMG_3154.jpg 1024w, https:\/\/jf-landkreis-vulkaneifel.de\/wp-content\/uploads\/2015\/03\/IMG_3154-624x468.jpg 624w\" sizes=\"auto, (max-width: 550px) 100vw, 550px\" \/><\/a><p id=\"caption-attachment-875\" class=\"wp-caption-text\">Ehrungen Delegiertentag JF LK Vulkaneifel<\/p><\/div>\n","protected":false},"excerpt":{"rendered":"<p>Steffeln (Fr. 27.03.2015) | Der Delegiertentag des Kreisjugendfeuerwehrverbandes Landkreis Vulkaneifel fand in diesem Jahr in Steffeln statt. Kreisjugendfeuerwehrwart Harald Schmitz begr\u00fc\u00dfte neben zahlreichen Ehreng\u00e4sten die 69 Delegierten aus den verschiedenen Jugendfeuerwehren des Landkreises Vulkaneifel. Die Jugendlichen erhielten Informationen zur finanziellen Situation der Jugendfeuerwehr sowie den aktuellen Mitgliedszahlen und Entwicklungen der letzten beiden Jahre. Im Landkreis [&hellip;]<\/p>\n","protected":false},"author":5,"featured_media":0,"comment_status":"closed","ping_status":"open","sticky":false,"template":"","format":"standard","meta":{"footnotes":""},"categories":[2],"tags":[16],"class_list":["post-871","post","type-post","status-publish","format-standard","hentry","category-aktuelles","tag-kreisjugendfeuerwehrtag"],"_links":{"self":[{"href":"https:\/\/jf-landkreis-vulkaneifel.de\/index.php?rest_route=\/wp\/v2\/posts\/871","targetHints":{"allow":["GET"]}}],"collection":[{"href":"https:\/\/jf-landkreis-vulkaneifel.de\/index.php?rest_route=\/wp\/v2\/posts"}],"about":[{"href":"https:\/\/jf-landkreis-vulkaneifel.de\/index.php?rest_route=\/wp\/v2\/types\/post"}],"author":[{"embeddable":true,"href":"https:\/\/jf-landkreis-vulkaneifel.de\/index.php?rest_route=\/wp\/v2\/users\/5"}],"replies":[{"embeddable":true,"href":"https:\/\/jf-landkreis-vulkaneifel.de\/index.php?rest_route=%2Fwp%2Fv2%2Fcomments&post=871"}],"version-history":[{"count":8,"href":"https:\/\/jf-landkreis-vulkaneifel.de\/index.php?rest_route=\/wp\/v2\/posts\/871\/revisions"}],"predecessor-version":[{"id":2314,"href":"https:\/\/jf-landkreis-vulkaneifel.de\/index.php?rest_route=\/wp\/v2\/posts\/871\/revisions\/2314"}],"wp:attachment":[{"href":"https:\/\/jf-landkreis-vulkaneifel.de\/index.php?rest_route=%2Fwp%2Fv2%2Fmedia&parent=871"}],"wp:term":[{"taxonomy":"category","embeddable":true,"href":"https:\/\/jf-landkreis-vulkaneifel.de\/index.php?rest_route=%2Fwp%2Fv2%2Fcategories&post=871"},{"taxonomy":"post_tag","embeddable":true,"href":"https:\/\/jf-landkreis-vulkaneifel.de\/index.php?rest_route=%2Fwp%2Fv2%2Ftags&post=871"}],"curies":[{"name":"wp","href":"https:\/\/api.w.org\/{rel}","templated":true}]}}