{"id":951,"date":"2015-09-09T20:56:33","date_gmt":"2015-09-09T18:56:33","guid":{"rendered":"http:\/\/jf-landkreis-vulkaneifel.de\/?p=951"},"modified":"2015-09-09T22:25:33","modified_gmt":"2015-09-09T20:25:33","slug":"wettkampf-spiel-und-spass-ohne-grenzen","status":"publish","type":"post","link":"https:\/\/jf-landkreis-vulkaneifel.de\/?p=951","title":{"rendered":"Wettkampf, Spiel und Spa\u00df ohne Grenzen!"},"content":{"rendered":"<p><strong>Tag der Jugendfeuerwehren 2015 in Densborn<\/strong><\/p>\n<div id=\"attachment_1019\" style=\"width: 560px\" class=\"wp-caption alignnone\"><a href=\"https:\/\/jf-landkreis-vulkaneifel.de\/?page_id=1022\"><img loading=\"lazy\" decoding=\"async\" aria-describedby=\"caption-attachment-1019\" class=\"wp-image-1019 size-thumbnail\" src=\"https:\/\/jf-landkreis-vulkaneifel.de\/wp-content\/uploads\/2015\/09\/Tag-der-JF-2015-Densborn-260-550x367.jpg\" alt=\"Sieger &quot;Spiel ohne Grenzen 2015&quot; JF Hillesheim\" width=\"550\" height=\"367\" srcset=\"https:\/\/jf-landkreis-vulkaneifel.de\/wp-content\/uploads\/2015\/09\/Tag-der-JF-2015-Densborn-260-550x367.jpg 550w, https:\/\/jf-landkreis-vulkaneifel.de\/wp-content\/uploads\/2015\/09\/Tag-der-JF-2015-Densborn-260.jpg 1024w, https:\/\/jf-landkreis-vulkaneifel.de\/wp-content\/uploads\/2015\/09\/Tag-der-JF-2015-Densborn-260-624x416.jpg 624w\" sizes=\"auto, (max-width: 550px) 100vw, 550px\" \/><\/a><p id=\"caption-attachment-1019\" class=\"wp-caption-text\">Sieger &#8222;Spiel ohne Grenzen 2015&#8220; JF Hillesheim<\/p><\/div>\n<p>hier geht&#8217;s zur <a href=\"https:\/\/jf-landkreis-vulkaneifel.de\/?page_id=1022\">Bildergalerie<\/a><\/p>\n<p><strong>Densborn 06.09.2015<\/strong> | Das vergangene Wochenende stand ganz im Zeichen der Feuerwehren und Ihrer Nachwuchsabteilungen. Im Rahmen des 25-J\u00e4hrigen Jubil\u00e4ums der Jugendfeuerwehr Densborn fand am Samstag die Abnahme des Feuerwehr Leistungsabzeichen statt, welches die Gruppen der einzelnen Feuerwehren alle mit Bravur bestanden.<\/p>\n<p>Am Sonntagmorgen starteten dann die Jugendfeuerwehren aus Densborn, Bongard-Bodenbach und Neroth mit der Abnahme der Leistungsspange. Die Jugendlichen zeigten hervorragende Leistungen in den einzelnen Disziplinen wie dem 1500m Staffellauf, dem Kugelsto\u00dfen oder der Schnelligkeits\u00fcbung. Auch bei der anschlie\u00dfenden Gruppen\u00fcbung zeigten die 3 Gruppen Ihr k\u00f6nnen. Alle 3 Jugendfeuerwehren haben die Pr\u00fcfungen zur Leistungsspange mit sehr guten Leistungen bestanden und wir konnten allen Jugendlichen die Leistungsspange verleihen.<\/p>\n<p>Am Nachmittag trafen dann die Jugendfeuerwehren aus dem Landkreis Vulkaneifel mit rund 220 Jugendlichen in Densborn ein um beim anschlie\u00dfenden Spiel ohne Grenzen ihre Leistungen zu messen. Die einzelnen Spiele waren spannend und haben den Jugendlichen sichtlich Spa\u00df bereitet. Bei herrlichstem Septemberwetter wurde die Mannschaften ermittelt, welche unseren Landkreis beim Bezirksentscheid am 20. Sep. in Retterath vertreten werden. Platz 1 belegte die Jugendfeuerwehr Hillesheim, Platz 2 die Jugendfeuerwehr Retterath und auf Platz 3 die Jugendfeuerwehr Stadkyll\/J\u00fcnkerath.<\/p>\n<p>Bei der Siegerehrung \u00fcberreichten Landrat Heinz-Peter Thiel und B\u00fcrgermeister Matthias Pauly die hei\u00df begehrten Pokale an die Jugendfeuerwehren. Diese Veranstaltung bot uns au\u00dferdem den geeigneten Rahmen um einige Personen f\u00fcr Ihren Einsatz zum Wohle der Jugendfeuerwehr zu Ehren. Harald Schmitz wurde f\u00fcr seine T\u00e4tigkeit als Kreisjugendfeuerwehrwart die Ehrennadel des Landesfeuerwehrverbandes Rheinland-Pfalz in Silber verliehen. B\u00fcrgermeister Matthias Pauly wurde die deutsche Feuerwehr Ehrenmedaille verliehen. Die Jugendfeuerwehr Vulkaneifel verlieh Adam Janser die Ehrennadel der Jugendfeuerwehr in Gold und Marco Marder die Ehrennadel in Bronze. Als besondere \u00dcberraschung \u00fcberreichte Landrat Thiel der Jugendfeuerwehr Vulkaneifel ein neues Faltrettungszelt welches zu gleichen Teilen vom Verein zur F\u00f6rderung der Jugendarbeit im Landkreis Vulkaneifel und der Kreissparkasse Vulkaneifel gespendet wurde.<\/p>\n<p>Wir hatten ein sehr sch\u00f6nes Wochenende als G\u00e4ste der Jugendfeuerwehr Densborn. Vielen Dank daf\u00fcr!<\/p>\n","protected":false},"excerpt":{"rendered":"<p>Tag der Jugendfeuerwehren 2015 in Densborn hier geht&#8217;s zur Bildergalerie Densborn 06.09.2015 | Das vergangene Wochenende stand ganz im Zeichen der Feuerwehren und Ihrer Nachwuchsabteilungen. Im Rahmen des 25-J\u00e4hrigen Jubil\u00e4ums der Jugendfeuerwehr Densborn fand am Samstag die Abnahme des Feuerwehr Leistungsabzeichen statt, welches die Gruppen der einzelnen Feuerwehren alle mit Bravur bestanden. Am Sonntagmorgen starteten [&hellip;]<\/p>\n","protected":false},"author":5,"featured_media":0,"comment_status":"closed","ping_status":"open","sticky":false,"template":"","format":"standard","meta":{"footnotes":""},"categories":[2],"tags":[21,20,19],"class_list":["post-951","post","type-post","status-publish","format-standard","hentry","category-aktuelles","tag-leistungsspange","tag-spiel-ohne-grenzen","tag-tag-der-jugendfeuerwehr"],"_links":{"self":[{"href":"https:\/\/jf-landkreis-vulkaneifel.de\/index.php?rest_route=\/wp\/v2\/posts\/951","targetHints":{"allow":["GET"]}}],"collection":[{"href":"https:\/\/jf-landkreis-vulkaneifel.de\/index.php?rest_route=\/wp\/v2\/posts"}],"about":[{"href":"https:\/\/jf-landkreis-vulkaneifel.de\/index.php?rest_route=\/wp\/v2\/types\/post"}],"author":[{"embeddable":true,"href":"https:\/\/jf-landkreis-vulkaneifel.de\/index.php?rest_route=\/wp\/v2\/users\/5"}],"replies":[{"embeddable":true,"href":"https:\/\/jf-landkreis-vulkaneifel.de\/index.php?rest_route=%2Fwp%2Fv2%2Fcomments&post=951"}],"version-history":[{"count":6,"href":"https:\/\/jf-landkreis-vulkaneifel.de\/index.php?rest_route=\/wp\/v2\/posts\/951\/revisions"}],"predecessor-version":[{"id":1035,"href":"https:\/\/jf-landkreis-vulkaneifel.de\/index.php?rest_route=\/wp\/v2\/posts\/951\/revisions\/1035"}],"wp:attachment":[{"href":"https:\/\/jf-landkreis-vulkaneifel.de\/index.php?rest_route=%2Fwp%2Fv2%2Fmedia&parent=951"}],"wp:term":[{"taxonomy":"category","embeddable":true,"href":"https:\/\/jf-landkreis-vulkaneifel.de\/index.php?rest_route=%2Fwp%2Fv2%2Fcategories&post=951"},{"taxonomy":"post_tag","embeddable":true,"href":"https:\/\/jf-landkreis-vulkaneifel.de\/index.php?rest_route=%2Fwp%2Fv2%2Ftags&post=951"}],"curies":[{"name":"wp","href":"https:\/\/api.w.org\/{rel}","templated":true}]}}